{"id":22569,"date":"2009-02-27T17:51:55","date_gmt":"2009-02-27T17:51:55","guid":{"rendered":"https:\/\/obscom.intervozes.org.br\/wordpress\/?p=22569"},"modified":"2009-02-27T17:51:55","modified_gmt":"2009-02-27T17:51:55","slug":"tribuna-da-imprensa-volta-a-circular-apos-stf-ratificar-indenizacao-por-perseguicoes-na-ditadura","status":"publish","type":"post","link":"https:\/\/obscom.intervozes.org.br\/?p=22569","title":{"rendered":"&#8216;Tribuna da Imprensa&#8217; volta a circular ap\u00f3s STF ratificar indeniza\u00e7\u00e3o por persegui\u00e7\u00f5es na ditadura"},"content":{"rendered":"<p>   \t \t \t \t \t<!-- \t\t@page { margin: 2cm } \t\tP { margin-bottom: 0.21cm } \t--> \t   <\/p>\n<p style=\"margin-bottom: 0cm\" class=\"western\"><span class=\"padrao\">Em decis&atilde;o do ministro Celso de Mello, o Superior Tribunal Federal (STF) reconheceu o direito &agrave; indeniza&ccedil;&atilde;o ao jornal Tribuna da Imprensa, do Rio de Janeiro (RJ), em raz&atilde;o das persegui&ccedil;&otilde;es, censuras e preju&iacute;zos materiais sofridos pela publica&ccedil;&atilde;o entre os anos de 1969 e 1979, durante o regime militar.<\/p>\n<p>O Tribunal Regional Federal do Rio de Janeiro j&aacute; havia proferido uma decis&atilde;o favor&aacute;vel ao jornal, mas a Uni&atilde;o entrou com recurso contra a decis&atilde;o. Tal recurso, no entanto, n&atilde;o foi reconhecido como v&aacute;lido pelo ministro Celso de Mello. <\/p>\n<p>Segundo o jornalista H&eacute;lio Fernandes, diretor do jornal, desde o ano passado, seu advogado, Luiz Nogueira, falava sobre a falta de fundamento do recurso da Uni&atilde;o. &quot;Segundo ele [Luiz Nogueira, advogado], o recurso em tela, despido de qualquer argumento justificador de eventual reforma do ac&oacute;rd&atilde;o atacado, n&atilde;o sobra nada, sen&atilde;o seu car&aacute;ter abusivo e ofensivo n&atilde;o apenas &agrave; parte adversa, como tamb&eacute;m &agrave; dignidade da Suprema Corte e &agrave; alta fun&ccedil;&atilde;o p&uacute;blica do processo. &Eacute; um recurso despido de repercuss&atilde;o geral, como decidido pelo ministro Celso de Mello&quot;, disse em sua coluna, publicada no site da Tribuna.<\/p>\n<p>Com a decis&atilde;o, Fernandes, que havia anunciado a suspens&atilde;o moment&acirc;nea da publica&ccedil;&atilde;o no in&iacute;cio de dezembro do ano passado, afirma que o jornal caminha de &quot;volta &agrave; trincheira&quot;, da qual nunca sa&iacute;ram e &quot;nem pretendem sair&quot;. <\/p>\n<p>O diretor da Tribuna diz, ainda, que o valor da indeniza&ccedil;&atilde;o ser&aacute; usado integralmente a pagar d&iacute;vidas. &quot;J&aacute; dissemos e reiteramos, que qualquer indeniza&ccedil;&atilde;o ser&aacute; integralmente destinada a pagar d&iacute;vidas obrigat&oacute;rias, contra&iacute;das por causa da persegui&ccedil;&atilde;o incessante, implac&aacute;vel, ininterrupta&quot;. <\/p>\n<p>A Tribuna da Imprensa tinha circula&ccedil;&atilde;o di&aacute;ria estipulada entre 18 mil e 20 mil exemplares. O ve&iacute;culo tornou-se conhecido no per&iacute;odo da ditadura, por ser de oposi&ccedil;&atilde;o aos militares, fato que culminou com repres&aacute;lias do governo vigente.  <\/span><\/p>\n","protected":false},"excerpt":{"rendered":"<p>Em decis&atilde;o do ministro Celso de Mello, o Superior Tribunal Federal (STF) reconheceu o direito &agrave; indeniza&ccedil;&atilde;o ao jornal Tribuna da Imprensa, do Rio de Janeiro (RJ), em raz&atilde;o das persegui&ccedil;&otilde;es, censuras e preju&iacute;zos materiais sofridos pela publica&ccedil;&atilde;o entre os anos de 1969 e 1979, durante o regime militar. O Tribunal Regional Federal do Rio &hellip; <a href=\"https:\/\/obscom.intervozes.org.br\/?p=22569\" class=\"more-link\">Continue lendo <span class=\"screen-reader-text\">&#8216;Tribuna da Imprensa&#8217; volta a circular ap\u00f3s STF ratificar indeniza\u00e7\u00e3o por persegui\u00e7\u00f5es na ditadura<\/span> <span class=\"meta-nav\">&rarr;<\/span><\/a><\/p>\n","protected":false},"author":1,"featured_media":0,"comment_status":"open","ping_status":"open","sticky":false,"template":"","format":"standard","meta":{"footnotes":""},"categories":[40],"tags":[271],"_links":{"self":[{"href":"https:\/\/obscom.intervozes.org.br\/index.php?rest_route=\/wp\/v2\/posts\/22569"}],"collection":[{"href":"https:\/\/obscom.intervozes.org.br\/index.php?rest_route=\/wp\/v2\/posts"}],"about":[{"href":"https:\/\/obscom.intervozes.org.br\/index.php?rest_route=\/wp\/v2\/types\/post"}],"author":[{"embeddable":true,"href":"https:\/\/obscom.intervozes.org.br\/index.php?rest_route=\/wp\/v2\/users\/1"}],"replies":[{"embeddable":true,"href":"https:\/\/obscom.intervozes.org.br\/index.php?rest_route=%2Fwp%2Fv2%2Fcomments&post=22569"}],"version-history":[{"count":0,"href":"https:\/\/obscom.intervozes.org.br\/index.php?rest_route=\/wp\/v2\/posts\/22569\/revisions"}],"wp:attachment":[{"href":"https:\/\/obscom.intervozes.org.br\/index.php?rest_route=%2Fwp%2Fv2%2Fmedia&parent=22569"}],"wp:term":[{"taxonomy":"category","embeddable":true,"href":"https:\/\/obscom.intervozes.org.br\/index.php?rest_route=%2Fwp%2Fv2%2Fcategories&post=22569"},{"taxonomy":"post_tag","embeddable":true,"href":"https:\/\/obscom.intervozes.org.br\/index.php?rest_route=%2Fwp%2Fv2%2Ftags&post=22569"}],"curies":[{"name":"wp","href":"https:\/\/api.w.org\/{rel}","templated":true}]}}