{"id":22567,"date":"2009-02-27T15:08:21","date_gmt":"2009-02-27T15:08:21","guid":{"rendered":"https:\/\/obscom.intervozes.org.br\/wordpress\/?p=22567"},"modified":"2009-02-27T15:08:21","modified_gmt":"2009-02-27T15:08:21","slug":"governo-proibe-multiprogramacao-na-tv-digital","status":"publish","type":"post","link":"https:\/\/obscom.intervozes.org.br\/?p=22567","title":{"rendered":"Governo pro\u00edbe multiprograma\u00e7\u00e3o na TV digital"},"content":{"rendered":"<p>   \t \t \t \t \t<!-- \t\t@page { margin: 2cm } \t\tP { margin-bottom: 0.21cm } \t--> \t  <\/p>\n<p style=\"margin-bottom: 0cm\" class=\"western padrao\"><strong>Reproduzido da coluna Outro Canal, da Folha de S. Paulo<\/strong><\/p>\n<p>O governo federal editou ontem norma que pro&iacute;be as redes comerciais e as emissoras p&uacute;blicas estaduais de emitirem multiprograma&ccedil;&atilde;o em suas frequ&ecirc;ncias digitais. Isso impede que um canal digital seja dividido em quatro, sem perda de qualidade dos sinais, uma das vantagens da nova tecnologia.<\/p>\n<p>O ato, assinado pelo ministro H&eacute;lio Costa (Comunica&ccedil;&otilde;es), atende a interesses das grandes redes privadas, que n&atilde;o querem a concorr&ecirc;ncia de novos canais. Mas prejudica grupos como o Abril, que pretendia transmitir os canais Fiz e Ideal, hoje s&oacute; na TV paga, nas frequ&ecirc;ncias abertas da MTV.<\/p>\n<p>A norma 001\/2009 tamb&eacute;m impede que a TV Cultura leve adiante projeto de uma universidade virtual paulista. O documento estabelece que &quot;a multiprograma&ccedil;&atilde;o somente poder&aacute; ser realizada nos canais [&#8230;] consignados a &oacute;rg&atilde;os e entidades integrantes dos poderes da Uni&atilde;o&quot;. Ou seja, apenas TV Brasil, TV Senado, TV C&acirc;mara e TV Justi&ccedil;a poder&atilde;o se dividir em quatro canais -a TV Senado, por exemplo, poder&aacute; transmitir simultaneamente sess&otilde;es de comiss&otilde;es e do plen&aacute;rio.<\/p>\n<p>Marcelo Bechara, consultor jur&iacute;dico do Minist&eacute;rio das Comunica&ccedil;&otilde;es, afirma que a norma visa impedir a loca&ccedil;&atilde;o de canais digitais para televendas e igrejas. &quot;Tem gente que n&atilde;o &eacute; s&eacute;ria. Com a TV digital, iria transmitir a programa&ccedil;&atilde;o dela em um canal e alugar os outros tr&ecirc;s&quot;, justifica.<\/p>\n","protected":false},"excerpt":{"rendered":"<p>Reproduzido da coluna Outro Canal, da Folha de S. Paulo O governo federal editou ontem norma que pro&iacute;be as redes comerciais e as emissoras p&uacute;blicas estaduais de emitirem multiprograma&ccedil;&atilde;o em suas frequ&ecirc;ncias digitais. Isso impede que um canal digital seja dividido em quatro, sem perda de qualidade dos sinais, uma das vantagens da nova tecnologia. &hellip; <a href=\"https:\/\/obscom.intervozes.org.br\/?p=22567\" class=\"more-link\">Continue lendo <span class=\"screen-reader-text\">Governo pro\u00edbe multiprograma\u00e7\u00e3o na TV digital<\/span> <span class=\"meta-nav\">&rarr;<\/span><\/a><\/p>\n","protected":false},"author":1,"featured_media":0,"comment_status":"open","ping_status":"open","sticky":false,"template":"","format":"standard","meta":{"footnotes":""},"categories":[39],"tags":[],"_links":{"self":[{"href":"https:\/\/obscom.intervozes.org.br\/index.php?rest_route=\/wp\/v2\/posts\/22567"}],"collection":[{"href":"https:\/\/obscom.intervozes.org.br\/index.php?rest_route=\/wp\/v2\/posts"}],"about":[{"href":"https:\/\/obscom.intervozes.org.br\/index.php?rest_route=\/wp\/v2\/types\/post"}],"author":[{"embeddable":true,"href":"https:\/\/obscom.intervozes.org.br\/index.php?rest_route=\/wp\/v2\/users\/1"}],"replies":[{"embeddable":true,"href":"https:\/\/obscom.intervozes.org.br\/index.php?rest_route=%2Fwp%2Fv2%2Fcomments&post=22567"}],"version-history":[{"count":0,"href":"https:\/\/obscom.intervozes.org.br\/index.php?rest_route=\/wp\/v2\/posts\/22567\/revisions"}],"wp:attachment":[{"href":"https:\/\/obscom.intervozes.org.br\/index.php?rest_route=%2Fwp%2Fv2%2Fmedia&parent=22567"}],"wp:term":[{"taxonomy":"category","embeddable":true,"href":"https:\/\/obscom.intervozes.org.br\/index.php?rest_route=%2Fwp%2Fv2%2Fcategories&post=22567"},{"taxonomy":"post_tag","embeddable":true,"href":"https:\/\/obscom.intervozes.org.br\/index.php?rest_route=%2Fwp%2Fv2%2Ftags&post=22567"}],"curies":[{"name":"wp","href":"https:\/\/api.w.org\/{rel}","templated":true}]}}