{"id":22558,"date":"2009-02-25T17:30:26","date_gmt":"2009-02-25T17:30:26","guid":{"rendered":"https:\/\/obscom.intervozes.org.br\/wordpress\/?p=22558"},"modified":"2009-02-25T17:30:26","modified_gmt":"2009-02-25T17:30:26","slug":"anatel-nao-registra-dividas-das-teles-nos-cadastros-de-inadimplentes-da-uniao","status":"publish","type":"post","link":"https:\/\/obscom.intervozes.org.br\/?p=22558","title":{"rendered":"Anatel n\u00e3o registra d\u00edvidas das teles nos cadastros de inadimplentes da Uni\u00e3o"},"content":{"rendered":"<p> \t<!-- \t\t@page { margin: 2cm } \t\tP { margin-bottom: 0.21cm } \t--> \t <\/p>\n<p style=\"margin-bottom: 0cm\" class=\"western\"><span class=\"padrao\"><a name=\"lblTitulo\" title=\"lblTitulo\"><\/a><a name=\"lblAssinatura\" title=\"lblAssinatura\"><\/a><a name=\"lblTexto\" title=\"lblTexto\"><\/a>Concession&aacute;rias do STFC [telefonia fixa], operadoras de SMP [celular] e outras in&uacute;meras empresas de telecomunica&ccedil;&otilde;es deveriam estar impedidas de participar de licita&ccedil;&otilde;es p&uacute;blicas e prestar servi&ccedil;os &agrave; Uni&atilde;o por serem devedoras. Mas essas empresas continuam funcionando com todos os seus direitos preservados porque a Ag&ecirc;ncia Nacional de Telecomunica&ccedil;&otilde;es (Anatel) nunca encaminhou seus nomes para inscri&ccedil;&atilde;o na D&iacute;vida Ativa da Uni&atilde;o. <\/p>\n<p>Um levantamento inicial feito nos processos administrativos j&aacute; conclu&iacute;dos pela Anatel revelou a exist&ecirc;ncia de pelo menos 5 mil processos contra operadoras do setor que j&aacute; tiveram o prazo de quita&ccedil;&atilde;o dos d&eacute;bitos expirado e que, portanto, deveriam ter sido registrados na D&iacute;vida Ativa. A estimativa &eacute; que essas multas vencidas totalizam um d&eacute;bito com o poder p&uacute;blico de R$ 40 milh&otilde;es. <\/p>\n<p>A quantia &eacute; pequena se comparada aos R$ 2,3 bilh&otilde;es em multas expedidas pela Anatel e que deveriam constar no Cadastro Informativo de Cr&eacute;ditos n&atilde;o Quitados do Setor P&uacute;blico Federal (Cadin). A inscri&ccedil;&atilde;o no Cadin &eacute; feita ap&oacute;s 60 dias da emiss&atilde;o do boleto para a quita&ccedil;&atilde;o do d&eacute;bito quando a empresa continua inadimplente. Mesmo em caso de contesta&ccedil;&otilde;es judiciais da pena dada pela ag&ecirc;ncia, esse registro no Cadin deveria ser executado. Mas n&atilde;o &eacute; isso que vem ocorrendo na ag&ecirc;ncia. <\/p>\n<p>Al&eacute;m de n&atilde;o encaminhar os d&eacute;bitos para o cadastro de inadimplentes, as diferentes &aacute;reas da Anatel tamb&eacute;m n&atilde;o vinham informando a procuradoria especializada dos casos de pend&ecirc;ncias dignas de inscri&ccedil;&atilde;o na D&iacute;vida Ativa. Para um devedor ser listado na d&iacute;vida ativa da Uni&atilde;o &eacute; necess&aacute;rio que a empresa em d&eacute;bito n&atilde;o regularize sua situa&ccedil;&atilde;o ap&oacute;s 75 dias da inscri&ccedil;&atilde;o no Cadin. <\/p>\n<p>Estar entre os devedores da Uni&atilde;o gera uma s&eacute;rie de problemas para as empresas. No caso do setor de telecomunica&ccedil;&otilde;es, uma concession&aacute;ria devedora pode, em &uacute;ltima inst&acirc;ncia, perder o direito de presta&ccedil;&atilde;o do servi&ccedil;o. Outro problema &eacute; que as teles s&atilde;o prestadoras de servi&ccedil;os &agrave; administra&ccedil;&atilde;o p&uacute;blica, inclusive para a pr&oacute;pria Anatel. Pela legisla&ccedil;&atilde;o em vigor, essas empresas n&atilde;o podem participar de licita&ccedil;&otilde;es p&uacute;blicas at&eacute; que sua situa&ccedil;&atilde;o seja regularizada. <\/p>\n<p>Muitas multas s&atilde;o relacionadas &agrave; falta de recolhimento de tributos, como o Fistel [Fundo de Fiscaliza&ccedil;&atilde;o das Telecomunica&ccedil;&otilde;es], mas h&aacute; tamb&eacute;m processos relacionados com o cumprimento de obriga&ccedil;&otilde;es referentes aos servi&ccedil;os prestados. Em iniciativa recente, a Advocacia-Geral da Uni&atilde;o (AGU) tem se mobilizado para executar as cobran&ccedil;as dessas multas e localizar os motivos para que autarquias, como a Anatel, n&atilde;o tenham cumprido o rito de cadastramento desses d&eacute;bitos.  <\/span> <\/p>\n","protected":false},"excerpt":{"rendered":"<p>Concession&aacute;rias do STFC [telefonia fixa], operadoras de SMP [celular] e outras in&uacute;meras empresas de telecomunica&ccedil;&otilde;es deveriam estar impedidas de participar de licita&ccedil;&otilde;es p&uacute;blicas e prestar servi&ccedil;os &agrave; Uni&atilde;o por serem devedoras. Mas essas empresas continuam funcionando com todos os seus direitos preservados porque a Ag&ecirc;ncia Nacional de Telecomunica&ccedil;&otilde;es (Anatel) nunca encaminhou seus nomes para inscri&ccedil;&atilde;o &hellip; <a href=\"https:\/\/obscom.intervozes.org.br\/?p=22558\" class=\"more-link\">Continue lendo <span class=\"screen-reader-text\">Anatel n\u00e3o registra d\u00edvidas das teles nos cadastros de inadimplentes da Uni\u00e3o<\/span> <span class=\"meta-nav\">&rarr;<\/span><\/a><\/p>\n","protected":false},"author":1,"featured_media":0,"comment_status":"open","ping_status":"open","sticky":false,"template":"","format":"standard","meta":{"footnotes":""},"categories":[40],"tags":[987],"_links":{"self":[{"href":"https:\/\/obscom.intervozes.org.br\/index.php?rest_route=\/wp\/v2\/posts\/22558"}],"collection":[{"href":"https:\/\/obscom.intervozes.org.br\/index.php?rest_route=\/wp\/v2\/posts"}],"about":[{"href":"https:\/\/obscom.intervozes.org.br\/index.php?rest_route=\/wp\/v2\/types\/post"}],"author":[{"embeddable":true,"href":"https:\/\/obscom.intervozes.org.br\/index.php?rest_route=\/wp\/v2\/users\/1"}],"replies":[{"embeddable":true,"href":"https:\/\/obscom.intervozes.org.br\/index.php?rest_route=%2Fwp%2Fv2%2Fcomments&post=22558"}],"version-history":[{"count":0,"href":"https:\/\/obscom.intervozes.org.br\/index.php?rest_route=\/wp\/v2\/posts\/22558\/revisions"}],"wp:attachment":[{"href":"https:\/\/obscom.intervozes.org.br\/index.php?rest_route=%2Fwp%2Fv2%2Fmedia&parent=22558"}],"wp:term":[{"taxonomy":"category","embeddable":true,"href":"https:\/\/obscom.intervozes.org.br\/index.php?rest_route=%2Fwp%2Fv2%2Fcategories&post=22558"},{"taxonomy":"post_tag","embeddable":true,"href":"https:\/\/obscom.intervozes.org.br\/index.php?rest_route=%2Fwp%2Fv2%2Ftags&post=22558"}],"curies":[{"name":"wp","href":"https:\/\/api.w.org\/{rel}","templated":true}]}}