{"id":22557,"date":"2009-02-25T17:13:17","date_gmt":"2009-02-25T17:13:17","guid":{"rendered":"https:\/\/obscom.intervozes.org.br\/wordpress\/?p=22557"},"modified":"2009-02-25T17:13:17","modified_gmt":"2009-02-25T17:13:17","slug":"operacao-silencio-da-pf-fecha-a-radio-muda","status":"publish","type":"post","link":"https:\/\/obscom.intervozes.org.br\/?p=22557","title":{"rendered":"&#8216;Opera\u00e7\u00e3o Sil\u00eancio&#8217; da PF fecha a R\u00e1dio Muda"},"content":{"rendered":"<p> \t<!-- \t\t@page { margin: 2cm } \t\tP { margin-bottom: 0.21cm } \t--> \t <\/p>\n<p style=\"margin-bottom: 0cm\" class=\"western padrao\">A Pol&iacute;cia Federal (PF) fechou ontem (19), &agrave;s 5h30, a R&aacute;dio Muda (105,7 MHz), emissora comunit&aacute;ria que funcionava na caixa d&#39;&aacute;gua da Pra&ccedil;a Central da Universidade Estadual de Campinas (Unicamp). Ningu&eacute;m foi preso. A a&ccedil;&atilde;o ocorreu para o cumprimento de um mandado de busca e apreens&atilde;o expedido pela ju&iacute;za da 1&ordf; Vara Federal em Campinas, Fernanda Soraia Pacheco, e fez parte da Opera&ccedil;&atilde;o Sil&ecirc;ncio, em que outras oito r&aacute;dios comunit&aacute;rias foram fechadas na regi&atilde;o de Campinas desde o in&iacute;cio de fevereiro.<\/p>\n<p>No interior da r&aacute;dio, os policiais apreenderam equipamentos de som, um computador, fios e uma antena. Ao lado da porta de entrada da r&aacute;dio, os agentes encontraram 40 gramas de maconha, segundo nota oficial da Delegacia de Pol&iacute;cia Federal em Campinas.<\/p>\n<p>A R&aacute;dio Muda funciona h&aacute; pelo menos 18 anos e est&aacute; desde 1992 na caixa d&#39;&aacute;gua da Unicamp. &Eacute; mantida por cerca de cem programadores, entre estudantes, funcion&aacute;rios da universidade e pessoas da comunidade em geral.<\/p>\n<p>Assim como as outras r&aacute;dios fechadas, a R&aacute;dio Muda n&atilde;o tem concess&atilde;o do Minist&eacute;rio das Comunica&ccedil;&otilde;es para funcionar, por isso &eacute; considerada ilegal diante do C&oacute;digo de Telecomunica&ccedil;&otilde;es e do Regulamento da Ag&ecirc;ncia Nacional de Telecomunica&ccedil;&otilde;es (Anatel) para R&aacute;dios Comunit&aacute;rias.<\/p>\n<p>Segundo o delegado-chefe da PF, Antonio Pietro, haver&aacute; investiga&ccedil;&otilde;es para identificar os respons&aacute;veis pela r&aacute;dio. Durante a Opera&ccedil;&atilde;o Sil&ecirc;ncio na regi&atilde;o de Campinas, quatro pessoas foram presas e liberadas ap&oacute;s pagamento de fian&ccedil;a.<\/p>\n<p>Procurada por telefone, uma das respons&aacute;veis pela R&aacute;dio Muda, que pediu para n&atilde;o ser identificada, disse que nenhum dos participantes da r&aacute;dio se pronunciaria. Uma nota publicada no site Centro de M&iacute;dia Independente, assinada por um &quot;mudeiro&quot;, afirma que a pol&iacute;cia &quot;levou todos os equipamentos da R&aacute;dio Muda FM, vandalizou o est&uacute;dio, al&eacute;m de quebrar a antena, antes de lev&aacute;-la&quot;. De acordo com o delegado Pietro, nada foi quebrado.<\/p>\n<p>Em nota oficial, a Procuradoria-Geral da Unicamp informou que acatou imediatamente a decis&atilde;o da Justi&ccedil;a ontem, liberando o acesso dos agentes federais ao campus. &quot;A opera&ccedil;&atilde;o constituiu um fato isolado, n&atilde;o interferiu nas atividades acad&ecirc;micas e administrativas da universidade, bem como nos servi&ccedil;os prestados &agrave; comunidade, que seguem dentro da normalidade&quot;, disse a nota.<\/p>\n<p>Para Carolina Filho, coordenadora do Diret&oacute;rio Central de Estudantes (DCE) da Unicamp, o fechamento da R&aacute;dio Muda &eacute; uma atitude arbitr&aacute;ria. &quot;A r&aacute;dio &eacute; uma forma de questionamento, de busca da democratiza&ccedil;&atilde;o dos meios de comunica&ccedil;&atilde;o&quot;, disse Carolina. Em 2001 e 2002, a Anatel, tentou fechar a R&aacute;dio Muda, mas n&atilde;o obteve sucesso. O Sindicato dos Trabalhadores da Unicamp (STU) divulgou nota em que repudiou a a&ccedil;&atilde;o da PF e defendeu a regulariza&ccedil;&atilde;o de r&aacute;dios comunit&aacute;rias.<\/p>\n<p>A PF cumpriu no total 31 mandados de busca e apreens&atilde;o, que resultaram na interrup&ccedil;&atilde;o da transmiss&atilde;o de emissoras clandestinas tamb&eacute;m em Indaiatuba, S&atilde;o Jo&atilde;o da Boa Vista, Capivari, V&aacute;rzea Paulista, Vinhedo e Campo Limpo Paulista.<\/p>\n","protected":false},"excerpt":{"rendered":"<p>A Pol&iacute;cia Federal (PF) fechou ontem (19), &agrave;s 5h30, a R&aacute;dio Muda (105,7 MHz), emissora comunit&aacute;ria que funcionava na caixa d&#39;&aacute;gua da Pra&ccedil;a Central da Universidade Estadual de Campinas (Unicamp). Ningu&eacute;m foi preso. A a&ccedil;&atilde;o ocorreu para o cumprimento de um mandado de busca e apreens&atilde;o expedido pela ju&iacute;za da 1&ordf; Vara Federal em Campinas, &hellip; <a href=\"https:\/\/obscom.intervozes.org.br\/?p=22557\" class=\"more-link\">Continue lendo <span class=\"screen-reader-text\">&#8216;Opera\u00e7\u00e3o Sil\u00eancio&#8217; da PF fecha a R\u00e1dio Muda<\/span> <span class=\"meta-nav\">&rarr;<\/span><\/a><\/p>\n","protected":false},"author":1,"featured_media":0,"comment_status":"open","ping_status":"open","sticky":false,"template":"","format":"standard","meta":{"footnotes":""},"categories":[40],"tags":[986],"_links":{"self":[{"href":"https:\/\/obscom.intervozes.org.br\/index.php?rest_route=\/wp\/v2\/posts\/22557"}],"collection":[{"href":"https:\/\/obscom.intervozes.org.br\/index.php?rest_route=\/wp\/v2\/posts"}],"about":[{"href":"https:\/\/obscom.intervozes.org.br\/index.php?rest_route=\/wp\/v2\/types\/post"}],"author":[{"embeddable":true,"href":"https:\/\/obscom.intervozes.org.br\/index.php?rest_route=\/wp\/v2\/users\/1"}],"replies":[{"embeddable":true,"href":"https:\/\/obscom.intervozes.org.br\/index.php?rest_route=%2Fwp%2Fv2%2Fcomments&post=22557"}],"version-history":[{"count":0,"href":"https:\/\/obscom.intervozes.org.br\/index.php?rest_route=\/wp\/v2\/posts\/22557\/revisions"}],"wp:attachment":[{"href":"https:\/\/obscom.intervozes.org.br\/index.php?rest_route=%2Fwp%2Fv2%2Fmedia&parent=22557"}],"wp:term":[{"taxonomy":"category","embeddable":true,"href":"https:\/\/obscom.intervozes.org.br\/index.php?rest_route=%2Fwp%2Fv2%2Fcategories&post=22557"},{"taxonomy":"post_tag","embeddable":true,"href":"https:\/\/obscom.intervozes.org.br\/index.php?rest_route=%2Fwp%2Fv2%2Ftags&post=22557"}],"curies":[{"name":"wp","href":"https:\/\/api.w.org\/{rel}","templated":true}]}}