{"id":22549,"date":"2009-02-20T17:21:14","date_gmt":"2009-02-20T17:21:14","guid":{"rendered":"https:\/\/obscom.intervozes.org.br\/wordpress\/?p=22549"},"modified":"2009-02-20T17:21:14","modified_gmt":"2009-02-20T17:21:14","slug":"caso-sarney-escancara-ausencia-de-controle-sobre-coronelismo-eletronico","status":"publish","type":"post","link":"https:\/\/obscom.intervozes.org.br\/?p=22549","title":{"rendered":"Caso Sarney escancara aus\u00eancia de controle sobre coronelismo eletr\u00f4nico"},"content":{"rendered":"<p>   \t \t \t \t \t<!-- \t\t@page { margin: 2cm } \t\tP { margin-bottom: 0.21cm } \t--> \t  <\/p>\n<p style=\"margin-bottom: 0cm\" class=\"western padrao\">Ex-presidente da Rep&uacute;blica, parlamentar mais antigo em atividade (sua primeira elei&ccedil;&atilde;o para deputado federal foi em 1955), em sua terceira gest&atilde;o &agrave; frente do Congresso Nacional cujo triunfo recente foi caracterizado pela revista brit&acirc;nica <em>The Economist<\/em> como &ldquo;uma vit&oacute;ria do semi-feudalismo&rdquo;. Jos&eacute; Sarney (PMDB-AP), 79, acaba de agregar ao curr&iacute;culo uma pe&ccedil;a das mais curiosas, mais contestada fora do Brasil do que pela imprensa nativa. E n&atilde;o se trata de sua nova velha elei&ccedil;&atilde;o &agrave; presid&ecirc;ncia do Senado Federal, mas do registro policial de uma pr&aacute;tica conhecida, por&eacute;m alvo de vista-grossa das autoridades competentes: o uso de concess&otilde;es de r&aacute;dio e TV para a defesa de interesses pol&iacute;ticos particulares. <\/p>\n<p>&ldquo;P&otilde;e na TV. Manda botar o destino do dinheiro recebido&rdquo; &eacute; a ordem que o senador d&aacute; a seu filho Fernando, que comanda a TV Mirante, afiliada da Rede Globo no Maranh&atilde;o. O que o filho deveria colocar na TV &eacute; uma informa&ccedil;&atilde;o que ligaria o filho de Aderson Lago, primo do governador Jackson Lago e chefe da Casa Civil do governo estadual, a um esquema de desvio de verbas p&uacute;blicas. A conversa entre os dois foi publicada pela <em>Folha de S. Paulo<\/em> no &uacute;ltimo dia 9 e surgiu em escutas legais da Pol&iacute;cia Federal, que investiga movimenta&ccedil;&otilde;es financeiras feitas pela fam&iacute;lia Sarney durante a elei&ccedil;&atilde;o de 2006.  <\/p>\n<p>Nesta elei&ccedil;&atilde;o, Lago derrotou a filha de Sarney, Roseana. Agora, o atual governador enfrenta um processo de cassa&ccedil;&atilde;o junto ao Tribunal Superior Eleitoral. Com exce&ccedil;&atilde;o da desfa&ccedil;atez da confiss&atilde;o do senador, o fato de o cl&atilde; Sarney n&atilde;o poupar sua concess&atilde;o p&uacute;blica de TV na guerra com o governador Jackson Lago e seu primo poderia ser considerada quase como n&atilde;o novidade. <\/p>\n<p>O &ldquo;imortal&rdquo; Jos&eacute; Sarney det&eacute;m concess&otilde;es de r&aacute;dio e TV por todo o Maranh&atilde;o, al&eacute;m de jornais impressos. Em um dos estados mais pobres da federa&ccedil;&atilde;o, seu poder pol&iacute;tico atravessa d&eacute;cadas, sustentado tanto pelo poder econ&ocirc;mico, quanto pela influ&ecirc;ncia simb&oacute;lica exercida atrav&eacute;s do controle de tantos ve&iacute;culos de comunica&ccedil;&atilde;o. <\/p>\n<p>Nesse contexto, o quase monop&oacute;lio da informa&ccedil;&atilde;o se converte no que alguns especialistas da &aacute;rea de comunica&ccedil;&atilde;o classificam como &ldquo;coronelismo eletr&ocirc;nico&rdquo;. &ldquo;De modo geral, &eacute; a posse direta dos meios de comunica&ccedil;&atilde;o e seu uso para fins pol&iacute;ticos, assim como a posse da terra. O conceito transfere para os meios de comunica&ccedil;&atilde;o o que existe em rela&ccedil;&atilde;o ao latif&uacute;ndio&rdquo;, explica Cristiano Aguiar Lopes, mestre em Comunica&ccedil;&atilde;o pela Universidade de Bras&iacute;lia e consultor legislativo da C&acirc;mara dos Deputados.<\/p>\n<p>A materializa&ccedil;&atilde;o disto pode ser observada atrav&eacute;s da descri&ccedil;&atilde;o do professor Francisco Gon&ccedil;alves, do curso de Comunica&ccedil;&atilde;o Social da Universidade Federal do Maranh&atilde;o. Segundo ele, existe no caso dos meios de comunica&ccedil;&atilde;o, uma estrutura patrimonialista, que ganha particularidades no estado &ldquo;uma vez que este modelo &eacute; utilizado [no MA] para negar a voz a determinados segmentos da sociedade, contr&aacute;rios a determinadas posi&ccedil;&otilde;es do grupo e\/ou que fazem oposi&ccedil;&atilde;o pol&iacute;tica&rdquo;.<\/p>\n<p>&ldquo;&Eacute; preciso lembrar que este n&atilde;o &eacute; um problema que ocorre apenas no campo do sarne&iacute;smo&rdquo;, lembra Gon&ccedil;alves. &ldquo;No caso espec&iacute;fico do Maranh&atilde;o, os coron&eacute;is eletr&ocirc;nicos se dividiram: uma parte est&aacute; com o atual governo, outra com a oposi&ccedil;&atilde;o. Acontece que a maioria est&aacute; na oposi&ccedil;&atilde;o.&rdquo;<\/p>\n<p><strong>Dono do mundo<\/strong><\/p>\n<p>Lopes acredita que, no caso dos Sarney, a utiliza&ccedil;&atilde;o pol&iacute;tica dos meios de comunica&ccedil;&atilde;o serviu mais para refor&ccedil;ar um dom&iacute;nio que j&aacute; existia, do que para constru&iacute;-lo. Fam&iacute;lia de grande influ&ecirc;ncia, o cl&atilde; estabeleceu seu poder midi&aacute;tico em uma &eacute;poca onde n&atilde;o havia crit&eacute;rios para a concess&atilde;o de outorgas.<\/p>\n<p>&ldquo;No inicio, era preciso ter um capital bastante expressivo, sobretudo no caso da TV. Al&eacute;m de influ&ecirc;ncia, &eacute; preciso dinheiro&rdquo; explica. &ldquo;Quando come&ccedil;a a haver licita&ccedil;&atilde;o [na segunda metade da d&eacute;cada de 90] para a distribui&ccedil;&atilde;o de outorgas, faz-se uma m&eacute;dia ponderada entres os aspectos t&eacute;cnico e financeiro.&rdquo; Contudo, &eacute; evidente que para atender aos crit&eacute;rios t&eacute;cnicos, o poder econ&ocirc;mico se torna um argumento bastante convincente.<\/p>\n<p>Como ocorre em v&aacute;rios outros estados, n&atilde;o &eacute; apenas atrav&eacute;s de suas pr&oacute;prias concess&otilde;es que a fam&iacute;lia Sarney controla a m&iacute;dia maranhense. Segundo Gon&ccedil;alves, &eacute; preciso avaliar que al&eacute;m do controle familiar sobre o Sistema Mirante, existe todo um grupo pol&iacute;tico que o cerca e que controla outros ve&iacute;culos, al&eacute;m das retransmissoras de TV no interior afiliadas &agrave; rede dos Sarney. Isso aumenta significativamente seu poder de influ&ecirc;ncia. &ldquo;Basta lembrar que o segundo maior grupo de m&iacute;dia do estado &eacute; da fam&iacute;lia do atual ministro de Minas e Energia [Edson Lob&atilde;o], cujo filho, administrador do grupo, era o seu suplente de senador e que assumiu a vaga dele recentemente.&rdquo;<\/p>\n<p><strong>Legisla&ccedil;&atilde;o permissiva<\/p>\n<p><\/strong>N&atilde;o existe, no entanto, na legisla&ccedil;&atilde;o vigente sobre o tema, nada que pro&iacute;ba expressamente que um concession&aacute;rio utilize sua outorga para uso pol&iacute;tico. &Eacute; uma falha grave e uma demonstra&ccedil;&atilde;o da discricionariedade com que os legisladores t&ecirc;m tratado o tema ao longo dos anos. Enquanto n&atilde;o h&aacute; ressalvas para os radiodifusores comerciais, a Lei 9612\/98, que regula a radiodifus&atilde;o comunit&aacute;ria, &eacute; explicita na veda&ccedil;&atilde;o a qualquer tipo de proselitismo pol&iacute;tico ou religioso.<\/p>\n<p>A Constitui&ccedil;&atilde;o Federal, por sua vez, pro&iacute;be que parlamentares detenham concess&otilde;es, o que tamb&eacute;m &eacute; largamente desrespeitado. Segundo estudo da pesquisadora Suzy dos Santos, apenas no Maranh&atilde;o, cerca de 70% das geradoras e 60% das retransmissoras s&atilde;o controladas por pol&iacute;ticos. Todas as afiliadas &agrave; Rede Globo est&atilde;o nesta situa&ccedil;&atilde;o.<\/p>\n<p>&ldquo;&Eacute; uma situa&ccedil;&atilde;o imoral, mas &eacute; dif&iacute;cil enquadrar como ilegal, porque o sistema permite&rdquo;, lamenta Lopes. &ldquo;H&aacute; um debate e o Minist&eacute;rio das Comunica&ccedil;&otilde;es tem um entendimento bastante sui generis: n&atilde;o pode ser diretor, mas pode ser dono.&rdquo; &Eacute; esta infinidade de interpreta&ccedil;&otilde;es que perpetua um sistema arcaico, em que tamb&eacute;m s&atilde;o exemplos Inoc&ecirc;ncio de Oliveira em Pernambuco, Paulo Ot&aacute;vio no Distrito Federal e o esp&oacute;lio de Ant&ocirc;nio Carlos Magalh&atilde;es na Bahia, entre tantos outros casos.<\/p>\n<p>&ldquo;O modo de impedir esta situa&ccedil;&atilde;o seria restringir [o controle de concess&otilde;es] para que tem mandato eletivo, al&eacute;m de democratizar as comunica&ccedil;&otilde;es, atrav&eacute;s das r&aacute;dios comunit&aacute;rias, por exemplo&rdquo;, afirma Lopes.<\/p>\n<p><em>* Colaborou Luciano Nascimento, para o Observat&oacute;rio do Direito &agrave; Comunica&ccedil;&atilde;o.<\/em><\/p>\n","protected":false},"excerpt":{"rendered":"<p>Caracter\u00edstica marcante do sistema de comunica\u00e7\u00f5es no Brasil, o uso das concess\u00f5es p\u00fablicas de r\u00e1dio e TV para a pr\u00e1tica de proselitismo e favorecimento pol\u00edtico n\u00e3o \u00e9 previsto como il\u00edcito pela legisla\u00e7\u00e3o atual<\/p>\n","protected":false},"author":1,"featured_media":0,"comment_status":"open","ping_status":"open","sticky":false,"template":"","format":"standard","meta":{"footnotes":""},"categories":[40],"tags":[106],"_links":{"self":[{"href":"https:\/\/obscom.intervozes.org.br\/index.php?rest_route=\/wp\/v2\/posts\/22549"}],"collection":[{"href":"https:\/\/obscom.intervozes.org.br\/index.php?rest_route=\/wp\/v2\/posts"}],"about":[{"href":"https:\/\/obscom.intervozes.org.br\/index.php?rest_route=\/wp\/v2\/types\/post"}],"author":[{"embeddable":true,"href":"https:\/\/obscom.intervozes.org.br\/index.php?rest_route=\/wp\/v2\/users\/1"}],"replies":[{"embeddable":true,"href":"https:\/\/obscom.intervozes.org.br\/index.php?rest_route=%2Fwp%2Fv2%2Fcomments&post=22549"}],"version-history":[{"count":0,"href":"https:\/\/obscom.intervozes.org.br\/index.php?rest_route=\/wp\/v2\/posts\/22549\/revisions"}],"wp:attachment":[{"href":"https:\/\/obscom.intervozes.org.br\/index.php?rest_route=%2Fwp%2Fv2%2Fmedia&parent=22549"}],"wp:term":[{"taxonomy":"category","embeddable":true,"href":"https:\/\/obscom.intervozes.org.br\/index.php?rest_route=%2Fwp%2Fv2%2Fcategories&post=22549"},{"taxonomy":"post_tag","embeddable":true,"href":"https:\/\/obscom.intervozes.org.br\/index.php?rest_route=%2Fwp%2Fv2%2Ftags&post=22549"}],"curies":[{"name":"wp","href":"https:\/\/api.w.org\/{rel}","templated":true}]}}