{"id":22548,"date":"2009-02-19T13:19:33","date_gmt":"2009-02-19T13:19:33","guid":{"rendered":"https:\/\/obscom.intervozes.org.br\/wordpress\/?p=22548"},"modified":"2009-02-19T13:19:33","modified_gmt":"2009-02-19T13:19:33","slug":"emilia-ribeiro-promete-relatorio-para-marco-e-implementacao-ainda-este-ano","status":"publish","type":"post","link":"https:\/\/obscom.intervozes.org.br\/?p=22548","title":{"rendered":"Em\u00edlia Ribeiro promete relat\u00f3rio para mar\u00e7o e implementa\u00e7\u00e3o ainda este ano"},"content":{"rendered":"<p>   \t \t \t \t \t<!-- \t\t@page { margin: 2cm } \t\tP { margin-bottom: 0.21cm } \t--> \t  <\/p>\n<p style=\"margin-bottom: 0cm\" class=\"western padrao padrao\">Os brasileiros poder&atilde;o acessar a internet banda larga por meio da rede de energia el&eacute;trica ainda este ano. A conselheira da Ag&ecirc;ncia Nacional de Telecomunica&ccedil;&otilde;es (Anatel) Em&iacute;lia Ribeiro garante que o seu relat&oacute;rio sobre a regulamenta&ccedil;&atilde;o da quest&atilde;o estar&aacute; pronto no fim de mar&ccedil;o. Depois disso, as normas devem ser analisadas pelo Conselho Diretor da ag&ecirc;ncia e, se forem aprovadas, as empresas j&aacute; podem oferecer o servi&ccedil;o.<\/p>\n<p>&ldquo;&Eacute; muito importante decidir essa quest&atilde;o, porque &eacute; mais uma forma de expandir a banda larga para todo o pa&iacute;s de forma mais barata, para aumentar a competi&ccedil;&atilde;o tamb&eacute;m&rdquo;, afirmou a conselheira, em entrevista &agrave; <em>Ag&ecirc;ncia Brasil<\/em>. Ela diz que est&aacute; ouvindo todos os setores interessados, e que algumas experi&ecirc;ncias j&aacute; est&atilde;o sendo realizadas no pa&iacute;s.<\/p>\n<p>Com a transmiss&atilde;o de dados em alta velocidade pela rede el&eacute;trica, sistema conhecido como BPL, as tomadas residenciais passam a ser pontos de rede, se conectadas a um modem. A conselheira explica que os dados ser&atilde;o transmitidos por meio de fio el&eacute;trico ou por outro cabeamento no poste de energia. O sinal da internet banda larga chega at&eacute; as resid&ecirc;ncias pela caixa de energia el&eacute;trica e &eacute; transmitidos por dentro da rede.<\/p>\n<p>Outra bandeira defendida por Em&iacute;lia Ribeiro dentro da Anatel &eacute; a utiliza&ccedil;&atilde;o da banda larga no servi&ccedil;o p&uacute;blico. Segundo ela, o pa&iacute;s pode economizar muito com a informatiza&ccedil;&atilde;o de servi&ccedil;os como sa&uacute;de, educa&ccedil;&atilde;o e seguran&ccedil;a.<\/p>\n<p>&ldquo;N&atilde;o se discute a import&acirc;ncia disso, &eacute; uma necessidade. Mas a forma de fazer ainda est&aacute; sendo amadurecida. &Eacute; uma pol&iacute;tica de governo, depende da vontade do presidente Luiz In&aacute;cio Lula da Silva e do ministro [das Comunica&ccedil;&otilde;es] H&eacute;lio Costa. Tenho certeza de que eles t&ecirc;m essa vontade, quem n&atilde;o quer ver um governo informatizado? Mas temos muitos desafios, como a extens&atilde;o territorial&rdquo;, afirma.<\/p>\n<p>Segundo a conselheira, uma das alternativas para expandir o servi&ccedil;o seria por meio da universaliza&ccedil;&atilde;o da banda larga nas escolas, com os sistemas de backhaul, que &eacute; a infra-estrutura de rede para conex&atilde;o em banda larga. &ldquo;N&atilde;o custa muito para o governo um estudo que fa&ccedil;a o servi&ccedil;o chegar &agrave; seguran&ccedil;a, &agrave; sa&uacute;de, &agrave; cultura. Uma pol&iacute;tica de governo que tem uma iniciativa j&aacute; feita e basta mais um f&ocirc;lego para avan&ccedil;ar&rdquo;, defende.<\/p>\n<p>&ldquo;&Eacute; uma quest&atilde;o inadi&aacute;vel, inaceit&aacute;vel, me sinto em uma agonia terr&iacute;vel por n&atilde;o conseguir que esse servi&ccedil;o seja disponibilizado para a nossa popula&ccedil;&atilde;o&rdquo;, lamenta.<\/p>\n","protected":false},"excerpt":{"rendered":"<p>Os brasileiros poder&atilde;o acessar a internet banda larga por meio da rede de energia el&eacute;trica ainda este ano. A conselheira da Ag&ecirc;ncia Nacional de Telecomunica&ccedil;&otilde;es (Anatel) Em&iacute;lia Ribeiro garante que o seu relat&oacute;rio sobre a regulamenta&ccedil;&atilde;o da quest&atilde;o estar&aacute; pronto no fim de mar&ccedil;o. Depois disso, as normas devem ser analisadas pelo Conselho Diretor da &hellip; <a href=\"https:\/\/obscom.intervozes.org.br\/?p=22548\" class=\"more-link\">Continue lendo <span class=\"screen-reader-text\">Em\u00edlia Ribeiro promete relat\u00f3rio para mar\u00e7o e implementa\u00e7\u00e3o ainda este ano<\/span> <span class=\"meta-nav\">&rarr;<\/span><\/a><\/p>\n","protected":false},"author":1,"featured_media":0,"comment_status":"open","ping_status":"open","sticky":false,"template":"","format":"standard","meta":{"footnotes":""},"categories":[40],"tags":[936],"_links":{"self":[{"href":"https:\/\/obscom.intervozes.org.br\/index.php?rest_route=\/wp\/v2\/posts\/22548"}],"collection":[{"href":"https:\/\/obscom.intervozes.org.br\/index.php?rest_route=\/wp\/v2\/posts"}],"about":[{"href":"https:\/\/obscom.intervozes.org.br\/index.php?rest_route=\/wp\/v2\/types\/post"}],"author":[{"embeddable":true,"href":"https:\/\/obscom.intervozes.org.br\/index.php?rest_route=\/wp\/v2\/users\/1"}],"replies":[{"embeddable":true,"href":"https:\/\/obscom.intervozes.org.br\/index.php?rest_route=%2Fwp%2Fv2%2Fcomments&post=22548"}],"version-history":[{"count":0,"href":"https:\/\/obscom.intervozes.org.br\/index.php?rest_route=\/wp\/v2\/posts\/22548\/revisions"}],"wp:attachment":[{"href":"https:\/\/obscom.intervozes.org.br\/index.php?rest_route=%2Fwp%2Fv2%2Fmedia&parent=22548"}],"wp:term":[{"taxonomy":"category","embeddable":true,"href":"https:\/\/obscom.intervozes.org.br\/index.php?rest_route=%2Fwp%2Fv2%2Fcategories&post=22548"},{"taxonomy":"post_tag","embeddable":true,"href":"https:\/\/obscom.intervozes.org.br\/index.php?rest_route=%2Fwp%2Fv2%2Ftags&post=22548"}],"curies":[{"name":"wp","href":"https:\/\/api.w.org\/{rel}","templated":true}]}}