{"id":22545,"date":"2009-02-18T20:35:09","date_gmt":"2009-02-18T20:35:09","guid":{"rendered":"https:\/\/obscom.intervozes.org.br\/wordpress\/?p=22545"},"modified":"2009-02-18T20:35:09","modified_gmt":"2009-02-18T20:35:09","slug":"comeca-mobilizacao-por-realizacao-de-etapas-estaduais","status":"publish","type":"post","link":"https:\/\/obscom.intervozes.org.br\/?p=22545","title":{"rendered":"Come\u00e7a mobiliza\u00e7\u00e3o por realiza\u00e7\u00e3o de etapas estaduais"},"content":{"rendered":"<p><span class=\"padrao\">A expectativa de que o Minist&eacute;rio das Comunica&ccedil;&otilde;es publique dentro de alguns dias o decreto que torna oficial a convoca&ccedil;&atilde;o da I Confer&ecirc;ncia Nacional de Comunica&ccedil;&atilde;o coloca um novo desafio para organiza&ccedil;&otilde;es e movimentos sociais que j&aacute; se reuniam em v&aacute;rios estados em torno da demanda pela realiza&ccedil;&atilde;o do encontro nacional. Agora, &eacute; preciso atuar para garantir a realiza&ccedil;&atilde;o das etapas estaduais, que elegem os delegados que participam da confer&ecirc;ncia nacional e definem as propostas que ser&atilde;o apreciadas em Bras&iacute;lia.<\/p>\n<p>Se em alguns estados, j&aacute; havia o compromisso dos governos com a realiza&ccedil;&atilde;o de um Confer&ecirc;ncia Estadual, em outros, as perspectivas ainda s&atilde;o nebulosas. Na regi&atilde;o Sul, por exemplo, enquanto o governador do Paran&aacute;, Roberto Requi&atilde;o (PMDB), j&aacute; fez declara&ccedil;&otilde;es p&uacute;blicas de apoio &agrave; convoca&ccedil;&atilde;o do processo nacional e de compromisso com a realiza&ccedil;&atilde;o da etapa estadual, no Rio Grande do Sul, a Comiss&atilde;o Estadual Pr&oacute;-Confer&ecirc;ncia prev&ecirc; dificuldades.<\/p>\n<p>&ldquo;A experi&ecirc;ncia com o governo Yeda (Crusius, PSDB) em outras confer&ecirc;ncias n&atilde;o foi boa&rdquo;, relata Cl&aacute;udia Cardoso, representante da comiss&atilde;o. &ldquo;A etapa estadual da Confer&ecirc;ncia Nacional GLBT, por exemplo, quase n&atilde;o sai por conta da falta de apoio do governo estadual.&rdquo; A preocupa&ccedil;&atilde;o de Cl&aacute;udia diz respeito tanto ao financiamento da etapa ga&uacute;cha, como &agrave; sua convoca&ccedil;&atilde;o. A comiss&atilde;o estadual espera que o decreto que vai estabelecer os par&acirc;metros para realiza&ccedil;&atilde;o da Confer&ecirc;ncia Nacional de Comunica&ccedil;&atilde;o preveja que, caso o governo estadual n&atilde;o convoque a etapa estadual, ela possa ser organizada diretamente pela sociedade civil. &nbsp;<\/p>\n<p>A comiss&atilde;o ga&uacute;cha deve marcar para breve uma reuni&atilde;o para discutir a estrat&eacute;gia de press&atilde;o sobre o governo estadual. Cl&aacute;udia acredita que ela deve passar, invariavelmente, pela amplia&ccedil;&atilde;o do n&uacute;mero de entidades comprometidas com o processo da Confer&ecirc;ncia Nacional de Comunica&ccedil;&atilde;o, o que garantiria poder de barganha e tamb&eacute;m uma boa participa&ccedil;&atilde;o da popula&ccedil;&atilde;o na etapa ga&uacute;cha do processo. Hoje, cerca de 15 organiza&ccedil;&otilde;es fazem parte da comiss&atilde;o. &ldquo;Em 2008, fizemos atividades no interior do estado e tivemos boa resposta. Agora, j&aacute; h&aacute; indica&ccedil;&otilde;es de entidades &ndash; como a Ordem dos Advogados do Brasil e a Associa&ccedil;&atilde;o Software Livre &ndash; em se somarem &agrave; comiss&atilde;o.&rdquo;<\/p>\n<p>No Paran&aacute;, apesar do compromisso p&uacute;blico do governador, o Comit&ecirc; Paranaense Pr&oacute;-Confer&ecirc;ncia Nacional de Comunica&ccedil;&atilde;o tamb&eacute;m deve apostar no envolvimento de um n&uacute;mero maior de organiza&ccedil;&otilde;es e movimentos para garantir que o processo estadual seja dirigido pelo interesse p&uacute;blico. &ldquo;Nossa primeira reuni&atilde;o ap&oacute;s o an&uacute;ncio de que a confer&ecirc;ncia deve ocorrer nas pr&oacute;ximas semanas e tratar&aacute; da reestrutura&ccedil;&atilde;o da nossa estrat&eacute;gia de a&ccedil;&atilde;o neste cen&aacute;rio, inclusive em rela&ccedil;&atilde;o ao di&aacute;logo com o governo do estado&rdquo;, explica Rachel Bragatto, membro do comit&ecirc; e do Intervozes &ndash; Coletivo Brasil de Comunica&ccedil;&atilde;o Social.<\/p>\n<p><strong>Mais participa&ccedil;&atilde;o<\/strong><\/p>\n<p>A estrat&eacute;gia de ampliar a mobiliza&ccedil;&atilde;o apontada pelas organiza&ccedil;&otilde;es ga&uacute;cha e paranaense deve ser facilitada agora que a confer&ecirc;ncia vai se tornando realidade. No Rio de Janeiro, a primeira reuni&atilde;o da Comiss&atilde;o Estadual Pr&oacute;-Confer&ecirc;ncia ap&oacute;s o an&uacute;ncio da convoca&ccedil;&atilde;o, realizada na ter&ccedil;a-feira (17), reuniu mais que o dobro de pessoas que comumente vinham participando dos encontros. Tamb&eacute;m houve uma diversifica&ccedil;&atilde;o das entidades para al&eacute;m das representa&ccedil;&otilde;es locais das entidades que fazem parte da Comiss&atilde;o Nacional Pr&oacute;-Confer&ecirc;ncia &ndash; como o Conselho Regional de Psicologia e a Associa&ccedil;&atilde;o das R&aacute;dios P&uacute;blicas do Brasil. Do encontro da ter&ccedil;a-feira, participaram, por exemplo, as TVs Comunit&aacute;rias do Rio e de S&atilde;o Gon&ccedil;alo, a Confedera&ccedil;&atilde;o Nacional dos Qu&iacute;micos, o Conselho Comunit&aacute;rio de Maric&aacute; e a Rede de Mulheres em Comunica&ccedil;&atilde;o.<\/p>\n<p>No Maranh&atilde;o, o an&uacute;ncio de que a Confer&ecirc;ncia Nacional de Comunica&ccedil;&atilde;o ser&aacute; realizada este ano serviu de estopim para a convoca&ccedil;&atilde;o de uma ampla reuni&atilde;o nesta quarta-feira (18) para formar a Comiss&atilde;o Estadual Pr&oacute;-Confer&ecirc;ncia. &ldquo;Est&aacute;vamos trabalhando apenas com um embri&atilde;o de comiss&atilde;o em 2007 e 2008, mas agora temos condi&ccedil;&atilde;o de criar de vez um grupo s&oacute;lido e partir para a realiza&ccedil;&atilde;o da etapa estadual&rdquo;, avalia Luciano Nascimento, do Intervozes.<\/p>\n<p>Em Minas Gerais, a representante da comiss&atilde;o local Lidyane Ponciano acredita que a resposta ao convite para a reuni&atilde;o marcada para esta quarta-feira (19) tamb&eacute;m deva ser bastante positiva. A comiss&atilde;o j&aacute; conta com 22 representa&ccedil;&otilde;es, entre sindicatos, centrais sindicais, iniciativas de comunica&ccedil;&atilde;o alternativa, mandatos de parlamentares, partidos pol&iacute;ticos e entidades do campo da comunica&ccedil;&atilde;o. <\/p>\n<p>&ldquo;Vamos colocar em pauta as estrat&eacute;gias de mobiliza&ccedil;&atilde;o e a nossa proposta para a realiza&ccedil;&atilde;o da confer&ecirc;ncia estadual, com etapas regionais ou municipais&rdquo;, disse Lidyane. Segundo a representante da comiss&atilde;o, as demais confer&ecirc;ncias da &aacute;rea social foram realizadas em Minas primeiro em regionais, reunindo v&aacute;rios munic&iacute;pios, que preparam a participa&ccedil;&atilde;o na etapa estadual.<\/p>\n<p>Segundo Luciano Nascimento, h&aacute; uma sinaliza&ccedil;&atilde;o da Secretaria Estadual de Cultura do Maranh&atilde;o no sentido de encampar a realiza&ccedil;&atilde;o da confer&ecirc;ncia estadual. J&aacute; em Minas, como no Rio, ainda n&atilde;o houve contato oficial com representantes dos governos estaduais. &ldquo;Conversar com o governo do estado faz parte da diplomacia da constru&ccedil;&atilde;o de uma confer&ecirc;ncia, mas at&eacute; agora ainda dependemos do governo federal soltar o decreto convocat&oacute;rio&rdquo;, diz Lidyane. &ldquo;Mas esperamos que o governo de Minas d&ecirc; este apoio, afinal &eacute; a I Confer&ecirc;ncia Nacional de Comunica&ccedil;&atilde;o realizada no Brasil.&rdquo; <br \/><\/span><\/p>\n","protected":false},"excerpt":{"rendered":"<p>Ainda a espera do decreto convocat\u00f3rio que inicia oficialmente o processo nacional, organiza\u00e7\u00f5es e movimentos sociais j\u00e1 trabalham para garantir participa\u00e7\u00e3o popular e apoio dos governos nos estados<\/p>\n","protected":false},"author":1,"featured_media":0,"comment_status":"open","ping_status":"open","sticky":false,"template":"","format":"standard","meta":{"footnotes":""},"categories":[40],"tags":[570],"_links":{"self":[{"href":"https:\/\/obscom.intervozes.org.br\/index.php?rest_route=\/wp\/v2\/posts\/22545"}],"collection":[{"href":"https:\/\/obscom.intervozes.org.br\/index.php?rest_route=\/wp\/v2\/posts"}],"about":[{"href":"https:\/\/obscom.intervozes.org.br\/index.php?rest_route=\/wp\/v2\/types\/post"}],"author":[{"embeddable":true,"href":"https:\/\/obscom.intervozes.org.br\/index.php?rest_route=\/wp\/v2\/users\/1"}],"replies":[{"embeddable":true,"href":"https:\/\/obscom.intervozes.org.br\/index.php?rest_route=%2Fwp%2Fv2%2Fcomments&post=22545"}],"version-history":[{"count":0,"href":"https:\/\/obscom.intervozes.org.br\/index.php?rest_route=\/wp\/v2\/posts\/22545\/revisions"}],"wp:attachment":[{"href":"https:\/\/obscom.intervozes.org.br\/index.php?rest_route=%2Fwp%2Fv2%2Fmedia&parent=22545"}],"wp:term":[{"taxonomy":"category","embeddable":true,"href":"https:\/\/obscom.intervozes.org.br\/index.php?rest_route=%2Fwp%2Fv2%2Fcategories&post=22545"},{"taxonomy":"post_tag","embeddable":true,"href":"https:\/\/obscom.intervozes.org.br\/index.php?rest_route=%2Fwp%2Fv2%2Ftags&post=22545"}],"curies":[{"name":"wp","href":"https:\/\/api.w.org\/{rel}","templated":true}]}}