{"id":22543,"date":"2009-02-18T18:23:22","date_gmt":"2009-02-18T18:23:22","guid":{"rendered":"https:\/\/obscom.intervozes.org.br\/wordpress\/?p=22543"},"modified":"2009-02-18T18:23:22","modified_gmt":"2009-02-18T18:23:22","slug":"mpf-abre-inquerito-contra-mauricio-de-sousa-producoes-por-publicidade-infantil","status":"publish","type":"post","link":"https:\/\/obscom.intervozes.org.br\/?p=22543","title":{"rendered":"MPF abre inqu\u00e9rito contra Maur\u00edcio de Sousa Produ\u00e7\u00f5es por publicidade infantil"},"content":{"rendered":"<p>   \t \t \t \t \t<!-- \t\t@page { margin: 2cm } \t\tP { margin-bottom: 0.21cm } \t--> \t   <\/p>\n<p style=\"margin-bottom: 0cm\" class=\"western\"><span class=\"padrao\">A Promotoria de Justi&ccedil;a do Consumidor e a Promotoria de Justi&ccedil;a de Defesa dos Interesses Coletivos e Difusos da Inf&acirc;ncia e Juventude de S&atilde;o Paulo abriram um inqu&eacute;rito civil contra a empresa Maur&iacute;cio de Sousa Produ&ccedil;&otilde;es Ltda &#8211; respons&aacute;vel pelas revistas em quadrinhos da Turma da M&ocirc;nica &#8211; por publicidade voltada a crian&ccedil;as. <\/p>\n<p>No dia 5 de mar&ccedil;o de 2008, o Projeto Crian&ccedil;a e Consumo, do Instituto Alana, enviou uma notifica&ccedil;&atilde;o sobre publicidade infantil &agrave; Maur&iacute;cio de Sousa Produ&ccedil;&otilde;es e &agrave; editora Panini, que publica as revistas em quadrinhos. <\/p>\n<p>Segundo a entidade, a Panini reconheceu &quot;a necessidade de preserva&ccedil;&atilde;o da inf&acirc;ncia contra os apelos publicit&aacute;rios&quot;. No entanto, a Maur&iacute;cio de Sousa Produ&ccedil;&otilde;es n&atilde;o respondeu a solicita&ccedil;&atilde;o, informou o Instituto Alana.  <\/span><\/p>\n<p style=\"margin-bottom: 0cm\" class=\"western padrao\">Por isso, foi apresentada uma den&uacute;ncia ao Minist&eacute;rio P&uacute;blico do Estado de S&atilde;o Paulo em agosto do ano passado, o que gerou a abertura do inqu&eacute;rito. No documento, os promotores Paulo S&eacute;rgio Cornachionni e Laila Shukair entendem que a comunica&ccedil;&atilde;o das revistas &quot;tem-se valido de linguagens, personagens, imagens e outros elementos de comunica&ccedil;&atilde;o altamente atrativos a esse p&uacute;blico, para promover pr&aacute;ticas publicit&aacute;rias em suas publica&ccedil;&otilde;es capazes de persuadir as crian&ccedil;as e explorar sua extrema vulnerabilidade e suscetibilidade aos apelos comerciais e publicit&aacute;rios&quot;.<\/p>\n<p>&quot;Toda e qualquer comunica&ccedil;&atilde;o mercadol&oacute;gica dirigida &agrave; crian&ccedil;a, incluindo-se a publicidade, vale-se da pr&oacute;pria ingenuidade e, portanto, defici&ecirc;ncia de julgamento e experi&ecirc;ncia da crian&ccedil;a, para seu sucesso, ou seja, para formar convencimento na crian&ccedil;a no sentido de que consuma ou influencie o consumo de produtos e servi&ccedil;os&quot;, diz ainda o texto do inqu&eacute;rito &#8211; que cita artigos da Constitui&ccedil;&atilde;o Federal, do Estatuto da Crian&ccedil;a e do Adolescente, do C&oacute;digo de Defesa do Consumidor e do C&oacute;digo de Autorregulamenta&ccedil;&atilde;o do Conar.<\/p>\n<p>Para Isabella Henriques, advogada e coordenadora geral do Crian&ccedil;a e Consumo, &quot;o argumento de que o produto depende de publicidade para manter a sa&uacute;de financeira &eacute; fr&aacute;gil&quot;, pois outras publica&ccedil;&otilde;es do g&ecirc;nero da revistinha Turma da M&ocirc;nica n&atilde;o t&ecirc;m publicidades voltadas ao p&uacute;blico infantil no meio das hist&oacute;rias. <\/p>\n<p>O <em>Portal Imprensa <\/em>entrou em contato com a assessoria de imprensa da Maur&iacute;cio de Sousa Produ&ccedil;&otilde;es Ltda., mas ainda n&atilde;o obteve resposta.  <\/p>\n<p style=\"margin-bottom: 0cm\" class=\"western\"><span class=\"padrao\"><br \/><\/span> <\/p>\n<p style=\"margin-bottom: 0cm\" class=\"western\"><span class=\"padrao\"><br \/><\/span> <\/p>\n","protected":false},"excerpt":{"rendered":"<p>A Promotoria de Justi&ccedil;a do Consumidor e a Promotoria de Justi&ccedil;a de Defesa dos Interesses Coletivos e Difusos da Inf&acirc;ncia e Juventude de S&atilde;o Paulo abriram um inqu&eacute;rito civil contra a empresa Maur&iacute;cio de Sousa Produ&ccedil;&otilde;es Ltda &#8211; respons&aacute;vel pelas revistas em quadrinhos da Turma da M&ocirc;nica &#8211; por publicidade voltada a crian&ccedil;as. No dia &hellip; <a href=\"https:\/\/obscom.intervozes.org.br\/?p=22543\" class=\"more-link\">Continue lendo <span class=\"screen-reader-text\">MPF abre inqu\u00e9rito contra Maur\u00edcio de Sousa Produ\u00e7\u00f5es por publicidade infantil<\/span> <span class=\"meta-nav\">&rarr;<\/span><\/a><\/p>\n","protected":false},"author":1,"featured_media":0,"comment_status":"open","ping_status":"open","sticky":false,"template":"","format":"standard","meta":{"footnotes":""},"categories":[40],"tags":[985],"_links":{"self":[{"href":"https:\/\/obscom.intervozes.org.br\/index.php?rest_route=\/wp\/v2\/posts\/22543"}],"collection":[{"href":"https:\/\/obscom.intervozes.org.br\/index.php?rest_route=\/wp\/v2\/posts"}],"about":[{"href":"https:\/\/obscom.intervozes.org.br\/index.php?rest_route=\/wp\/v2\/types\/post"}],"author":[{"embeddable":true,"href":"https:\/\/obscom.intervozes.org.br\/index.php?rest_route=\/wp\/v2\/users\/1"}],"replies":[{"embeddable":true,"href":"https:\/\/obscom.intervozes.org.br\/index.php?rest_route=%2Fwp%2Fv2%2Fcomments&post=22543"}],"version-history":[{"count":0,"href":"https:\/\/obscom.intervozes.org.br\/index.php?rest_route=\/wp\/v2\/posts\/22543\/revisions"}],"wp:attachment":[{"href":"https:\/\/obscom.intervozes.org.br\/index.php?rest_route=%2Fwp%2Fv2%2Fmedia&parent=22543"}],"wp:term":[{"taxonomy":"category","embeddable":true,"href":"https:\/\/obscom.intervozes.org.br\/index.php?rest_route=%2Fwp%2Fv2%2Fcategories&post=22543"},{"taxonomy":"post_tag","embeddable":true,"href":"https:\/\/obscom.intervozes.org.br\/index.php?rest_route=%2Fwp%2Fv2%2Ftags&post=22543"}],"curies":[{"name":"wp","href":"https:\/\/api.w.org\/{rel}","templated":true}]}}