{"id":22538,"date":"2009-02-17T17:52:42","date_gmt":"2009-02-17T17:52:42","guid":{"rendered":"https:\/\/obscom.intervozes.org.br\/wordpress\/?p=22538"},"modified":"2009-02-17T17:52:42","modified_gmt":"2009-02-17T17:52:42","slug":"convocacao-deve-ocorrer-ate-o-inicio-de-marco","status":"publish","type":"post","link":"https:\/\/obscom.intervozes.org.br\/?p=22538","title":{"rendered":"Convoca\u00e7\u00e3o deve ocorrer at\u00e9 o in\u00edcio de mar\u00e7o"},"content":{"rendered":"<p>   \t \t \t \t \t<!-- \t\t@page { margin: 2cm } \t\tP { margin-bottom: 0.21cm } \t--> \t   <\/p>\n<p style=\"margin-bottom: 0cm\" class=\"western padrao\">Representantes da Comiss&atilde;o Pr&oacute;-Confer&ecirc;ncia Nacional de Comunica&ccedil;&atilde;o reuniram-se com o assessor do Minist&eacute;rio das Comunica&ccedil;&otilde;es, Marcelo Bechara, no dia 10 de fevereiro. Apresentaram sua proposta de tema, calend&aacute;rio e de composi&ccedil;&atilde;o do Grupo de Trabalho que coordenar&aacute; o processo da 1&ordf; Confer&ecirc;ncia Nacional. As defini&ccedil;&otilde;es sobre o processo e o decreto presidencial de convoca&ccedil;&atilde;o, no entanto, s&oacute; devem ocorrer ap&oacute;s o Carnaval.<\/p>\n<p>A proposta apresentada pela Comiss&atilde;o Pr&oacute;-Confer&ecirc;ncia Nacional de Comunica&ccedil;&atilde;o, baseada na defini&ccedil;&atilde;o de que a Confer&ecirc;ncia ocorrer&aacute; de 1&ordm; a 3 de dezembro, prev&ecirc; um calend&aacute;rio com prazos at&eacute; 22 de junho para a etapa de debates municipais e regionais, de 30 de junho a 15 de setembro para as confer&ecirc;ncias estaduais, delibera&ccedil;&otilde;es e elei&ccedil;&atilde;o de delegados, e sistematiza&ccedil;&atilde;o das propostas at&eacute; outubro.<\/p>\n<p>Al&eacute;m da sugest&atilde;o do tema central &quot;Comunica&ccedil;&otilde;es: meios para a constru&ccedil;&atilde;o de direitos e de cidadania&quot;, a Comiss&atilde;o apresentou ao Minicom, tamb&eacute;m, a proposta de composi&ccedil;&atilde;o do Grupo de Trabalho para coordenar o processo com 30 membros. A ideia &eacute; ter 15 representantes de movimentos sociais, 10 do poder p&uacute;blico e 5 de segmentos empresariais.<\/p>\n<p>Mas as defini&ccedil;&otilde;es ficar&atilde;o a cargo do governo federal, respons&aacute;vel pela convoca&ccedil;&atilde;o da Confer&ecirc;ncia Nacional de Comunica&ccedil;&atilde;o. Marcelo Bechara informou que o detalhamento do decreto a ser assinado pelo presidente da Rep&uacute;blica convocando a Confer&ecirc;ncia e a Portaria designando o Grupo de Trabalho dependem de conversa&ccedil;&otilde;es entre diversos setores do governo, como o pr&oacute;prio Minicom, a Casa Civil e a Secretaria Nacional de Articula&ccedil;&atilde;o Social da Presid&ecirc;ncia da Rep&uacute;blica.<\/p>\n<p>O assessor do Minicom comprometeu-se em levar as propostas do movimento para o governo federal e de agendar nova reuni&atilde;o com a Comiss&atilde;o para mais defini&ccedil;&otilde;es. A expectativa dos representantes dos movimentos sociais &eacute; de que a convoca&ccedil;&atilde;o da Confer&ecirc;ncia Nacional de Comunica&ccedil;&atilde;o ocorra at&eacute; o in&iacute;cio de mar&ccedil;o.<\/p>\n","protected":false},"excerpt":{"rendered":"<p>Representantes da Comiss&atilde;o Pr&oacute;-Confer&ecirc;ncia Nacional de Comunica&ccedil;&atilde;o reuniram-se com o assessor do Minist&eacute;rio das Comunica&ccedil;&otilde;es, Marcelo Bechara, no dia 10 de fevereiro. Apresentaram sua proposta de tema, calend&aacute;rio e de composi&ccedil;&atilde;o do Grupo de Trabalho que coordenar&aacute; o processo da 1&ordf; Confer&ecirc;ncia Nacional. As defini&ccedil;&otilde;es sobre o processo e o decreto presidencial de convoca&ccedil;&atilde;o, no &hellip; <a href=\"https:\/\/obscom.intervozes.org.br\/?p=22538\" class=\"more-link\">Continue lendo <span class=\"screen-reader-text\">Convoca\u00e7\u00e3o deve ocorrer at\u00e9 o in\u00edcio de mar\u00e7o<\/span> <span class=\"meta-nav\">&rarr;<\/span><\/a><\/p>\n","protected":false},"author":1,"featured_media":0,"comment_status":"open","ping_status":"open","sticky":false,"template":"","format":"standard","meta":{"footnotes":""},"categories":[40],"tags":[984],"_links":{"self":[{"href":"https:\/\/obscom.intervozes.org.br\/index.php?rest_route=\/wp\/v2\/posts\/22538"}],"collection":[{"href":"https:\/\/obscom.intervozes.org.br\/index.php?rest_route=\/wp\/v2\/posts"}],"about":[{"href":"https:\/\/obscom.intervozes.org.br\/index.php?rest_route=\/wp\/v2\/types\/post"}],"author":[{"embeddable":true,"href":"https:\/\/obscom.intervozes.org.br\/index.php?rest_route=\/wp\/v2\/users\/1"}],"replies":[{"embeddable":true,"href":"https:\/\/obscom.intervozes.org.br\/index.php?rest_route=%2Fwp%2Fv2%2Fcomments&post=22538"}],"version-history":[{"count":0,"href":"https:\/\/obscom.intervozes.org.br\/index.php?rest_route=\/wp\/v2\/posts\/22538\/revisions"}],"wp:attachment":[{"href":"https:\/\/obscom.intervozes.org.br\/index.php?rest_route=%2Fwp%2Fv2%2Fmedia&parent=22538"}],"wp:term":[{"taxonomy":"category","embeddable":true,"href":"https:\/\/obscom.intervozes.org.br\/index.php?rest_route=%2Fwp%2Fv2%2Fcategories&post=22538"},{"taxonomy":"post_tag","embeddable":true,"href":"https:\/\/obscom.intervozes.org.br\/index.php?rest_route=%2Fwp%2Fv2%2Ftags&post=22538"}],"curies":[{"name":"wp","href":"https:\/\/api.w.org\/{rel}","templated":true}]}}