{"id":22535,"date":"2009-02-17T17:46:17","date_gmt":"2009-02-17T17:46:17","guid":{"rendered":"https:\/\/obscom.intervozes.org.br\/wordpress\/?p=22535"},"modified":"2009-02-17T17:46:17","modified_gmt":"2009-02-17T17:46:17","slug":"parecer-do-tcu-sobre-licitacao-de-laptops-so-deve-sair-em-marco","status":"publish","type":"post","link":"https:\/\/obscom.intervozes.org.br\/?p=22535","title":{"rendered":"Parecer do TCU sobre licita\u00e7\u00e3o de laptops s\u00f3 deve sair em mar\u00e7o"},"content":{"rendered":"<p>   \t \t \t \t \t<!-- \t\t@page { margin: 2cm } \t\tP { margin-bottom: 0.21cm } \t--> \t  <\/p>\n<p style=\"margin-bottom: 0cm\" class=\"western\"><span class=\"padrao\">Depois de quase dois meses parado no Tribunal de Contas da Uni&atilde;o (TCU) para an&aacute;lise, o processo de licita&ccedil;&atilde;o do programa Um Computador por Aluno (UCA), projeto do governo federal que pretende conectar todos os estudantes da rede p&uacute;blica &agrave; internet, voltou a ter andamento no tribunal. Segundo informa&ccedil;&otilde;es da assessoria de imprensa do TCU, o processo est&aacute; em an&aacute;lise avan&ccedil;ada no gabinete do ministro e relator do processo, Jos&eacute; Jorge de Vasconcelos, e dever&aacute; ir a plen&aacute;rio em breve. <\/p>\n<p>Mas a aprova&ccedil;&atilde;o da compra dos 150 mil laptops educacionais ainda deve se arrastar. &Eacute; que o processo de an&aacute;lise das respostas do Minist&eacute;rio da Educa&ccedil;&atilde;o (MEC) sobre as suspeitas de irregularidades no cumprimento da lei de licita&ccedil;&otilde;es e contratos durante o preg&atilde;o n&atilde;o ser&aacute; apresentado no plen&aacute;rio do TCU durante as vota&ccedil;&otilde;es desta quarta-feira (18). <\/p>\n<p>Isso porque o ministro Jos&eacute; Jorge ainda precisa receber as avalia&ccedil;&otilde;es da &aacute;rea t&eacute;cnica do seu gabinete, para depois tomar uma decis&atilde;o. Como a semana que vem &eacute; Carnaval, o processo tamb&eacute;m n&atilde;o ir&aacute; a plen&aacute;rio, o que s&oacute; deve ocorrer na primeira quinzena de mar&ccedil;o. Da&iacute; sim, caso seja aprovado, o MEC poder&aacute; dar continuidade aos testes de ader&ecirc;ncia dos computadores e iniciar as compras dos laptops. Com todo esse tr&acirc;mite, a entrega dos notebooks para as 300 escolas s&oacute; deve come&ccedil;ar, na melhor das hip&oacute;teses, em abril, atrasando o cronograma inicial do MEC. <\/p>\n<p>Apesar de toda a novela, o coordenador de inclus&atilde;o digital da Presid&ecirc;ncia da Rep&uacute;blica, Cezar Alvarez, garantiu que os 150 mil laptops educacionais chegar&atilde;o &agrave;s escolas ainda neste ano. &ldquo;O MEC j&aacute; enviou as informa&ccedil;&otilde;es ao TCU e o ministro [da Educa&ccedil;&atilde;o, Fernando] Haddad ter&aacute; uma audi&ecirc;ncia para agilizar essa decis&atilde;o, seja para refazer o edital ou liberar a fase de teste de ader&ecirc;ncia. De qualquer forma, com essa licita&ccedil;&atilde;o ou outra, esse ano sai&rdquo;, afirmou Alvarez. <\/p>\n<p>Atualmente, o projeto j&aacute; est&aacute; sendo testado em cinco escolas nos estados do Rio de Janeiro, Rio Grande do Sul, de S&atilde;o Paulo e do Tocantins, al&eacute;m do Distrito Federal. Segundo Alvarez, os resultados nas escolas-piloto s&atilde;o &ldquo;extremamente positivos&rdquo;. &ldquo;Apesar de as experi&ecirc;ncias serem muito pequenas, s&atilde;o apenas cinco escolas, o resultado &eacute; surpreendente. O pessoal chega mais cedo e sai mais tarde da escola. Aumentou a participa&ccedil;&atilde;o de pais e alunos no processo, &eacute; impressionante a motiva&ccedil;&atilde;o da comunidade. Tem at&eacute; professor adiando a aposentadoria&rdquo;, conta ele.  <\/span><\/p>\n","protected":false},"excerpt":{"rendered":"<p>Depois de quase dois meses parado no Tribunal de Contas da Uni&atilde;o (TCU) para an&aacute;lise, o processo de licita&ccedil;&atilde;o do programa Um Computador por Aluno (UCA), projeto do governo federal que pretende conectar todos os estudantes da rede p&uacute;blica &agrave; internet, voltou a ter andamento no tribunal. Segundo informa&ccedil;&otilde;es da assessoria de imprensa do TCU, &hellip; <a href=\"https:\/\/obscom.intervozes.org.br\/?p=22535\" class=\"more-link\">Continue lendo <span class=\"screen-reader-text\">Parecer do TCU sobre licita\u00e7\u00e3o de laptops s\u00f3 deve sair em mar\u00e7o<\/span> <span class=\"meta-nav\">&rarr;<\/span><\/a><\/p>\n","protected":false},"author":1,"featured_media":0,"comment_status":"open","ping_status":"open","sticky":false,"template":"","format":"standard","meta":{"footnotes":""},"categories":[40],"tags":[976],"_links":{"self":[{"href":"https:\/\/obscom.intervozes.org.br\/index.php?rest_route=\/wp\/v2\/posts\/22535"}],"collection":[{"href":"https:\/\/obscom.intervozes.org.br\/index.php?rest_route=\/wp\/v2\/posts"}],"about":[{"href":"https:\/\/obscom.intervozes.org.br\/index.php?rest_route=\/wp\/v2\/types\/post"}],"author":[{"embeddable":true,"href":"https:\/\/obscom.intervozes.org.br\/index.php?rest_route=\/wp\/v2\/users\/1"}],"replies":[{"embeddable":true,"href":"https:\/\/obscom.intervozes.org.br\/index.php?rest_route=%2Fwp%2Fv2%2Fcomments&post=22535"}],"version-history":[{"count":0,"href":"https:\/\/obscom.intervozes.org.br\/index.php?rest_route=\/wp\/v2\/posts\/22535\/revisions"}],"wp:attachment":[{"href":"https:\/\/obscom.intervozes.org.br\/index.php?rest_route=%2Fwp%2Fv2%2Fmedia&parent=22535"}],"wp:term":[{"taxonomy":"category","embeddable":true,"href":"https:\/\/obscom.intervozes.org.br\/index.php?rest_route=%2Fwp%2Fv2%2Fcategories&post=22535"},{"taxonomy":"post_tag","embeddable":true,"href":"https:\/\/obscom.intervozes.org.br\/index.php?rest_route=%2Fwp%2Fv2%2Ftags&post=22535"}],"curies":[{"name":"wp","href":"https:\/\/api.w.org\/{rel}","templated":true}]}}