{"id":22529,"date":"2009-02-16T18:40:43","date_gmt":"2009-02-16T18:40:43","guid":{"rendered":"https:\/\/obscom.intervozes.org.br\/wordpress\/?p=22529"},"modified":"2009-02-16T18:40:43","modified_gmt":"2009-02-16T18:40:43","slug":"tvs-nao-exibem-producao-independente-na-grade-local","status":"publish","type":"post","link":"https:\/\/obscom.intervozes.org.br\/?p=22529","title":{"rendered":"TVs n\u00e3o exibem produ\u00e7\u00e3o independente na grade local"},"content":{"rendered":"<p>   \t \t \t \t \t<!-- \t\t@page { margin: 2cm } \t\tP { margin-bottom: 0.21cm } \t--> \t    <\/p>\n<p style=\"margin-bottom: 0cm\" class=\"western padrao\">Voc&ecirc; j&aacute; se imaginou propondo um programa para uma emissora de TV local? Ser&aacute; que mesmo que sua proposta fosse brilhante, ela seria aceita? Pois assim como acontece no resto do pa&iacute;s, a realidade capixaba aponta para uma produ&ccedil;&atilde;o de conte&uacute;do concentrada na m&atilde;o dos radiodifusores. <\/p>\n<p>A TV Vit&oacute;ria, afiliada a Rede Record, possui um n&uacute;mero significativo de produ&ccedil;&otilde;es regionais. S&atilde;o 13 programas locais. &ldquo;&Eacute; a maior exibidora de conte&uacute;do local do Brasil&rdquo;, afirma Fernando Machado, diretor-executivo da Rede Vit&oacute;ria de Comunica&ccedil;&atilde;o. <\/p>\n<p>Todos os programas da emissora s&atilde;o feitos por ela mesma, por meio de uma produtora interna. &ldquo;&Eacute; mais econ&ocirc;mico&rdquo;, explica o diretor. Assim tamb&eacute;m ocorre com a TV Gazeta, afiliada &agrave; Rede Globo. Nenhuma das oito produ&ccedil;&otilde;es locais &eacute; independente. <\/p>\n<p>J&aacute; com a afiliada da Band, TV Capixaba, o processo &eacute; um pouco diferente. Dos nove programas locais, cinco s&atilde;o gravados e editados por produtoras externas. Essas empresas, por&eacute;m, s&atilde;o prestadoras de servi&ccedil;o. N&atilde;o definem nem interferem no conte&uacute;do. <\/p>\n<p>A emissora j&aacute; exibiu programas totalmente independentes, como o &ldquo;Show de Talentos&rdquo; e o &ldquo;Terra Capixaba&rdquo;. Eles eram entregues prontos &agrave; emissora, que os comercializava.<\/p>\n<p>Por&eacute;m a tend&ecirc;ncia n&atilde;o &eacute; essa na empresa.&ldquo;Estamos nos estruturando para produzir nossos programas&rdquo;, diz Lia M&ocirc;nica, coordenadora de marketing da TV Capixaba. &ldquo;Uma vantagem da produ&ccedil;&atilde;o interna &eacute; que temos mais ger&ecirc;ncia sobre ela&rdquo;, completa. <\/p>\n<p><strong>Produ&ccedil;&atilde;o x arrendamento<\/strong> <\/p>\n<p>Enquanto as emissoras locais defendem a produ&ccedil;&atilde;o de conte&uacute;do por conta pr&oacute;pria, representantes de organiza&ccedil;&otilde;es da sociedade civil ligadas ao campo da comunica&ccedil;&atilde;o criticam esse modelo. Uma das principais acusa&ccedil;&otilde;es &eacute; que esse sistema dificulta a diversidade de opini&otilde;es e de culturas na m&iacute;dia. <\/p>\n<p>Um dos argumentos das emissoras que produzem &ldquo;tudo em casa&rdquo; &eacute; que &eacute; mais barato. O presidente da Associa&ccedil;&atilde;o Brasileira de Produtoras Independentes de Televis&atilde;o (ABPI-TV), Fernando Dias, relativiza essa quest&atilde;o. Para ele, quem costuma usar tal justificativa s&atilde;o as empresas maiores, que tem como montar suas estruturas de produ&ccedil;&atilde;o. <\/p>\n<p>Ainda sobre a quest&atilde;o financeira, Dias acredita que &eacute; poss&iacute;vel baratear os produtos independentes ao se criar volume de produ&ccedil;&atilde;o, o que deve ocorrer, na sua opini&atilde;o, por meio de pol&iacute;ticas p&uacute;blicas de fomento. <\/p>\n<p>Da forma como funciona hoje, o que ocorre &eacute; quase uma venda de hor&aacute;rio na grade de programa&ccedil;&atilde;o para os produtores independentes, que al&eacute;m de realizadores, muitas vezes correm atr&aacute;s de patroc&iacute;nio. &ldquo;Este hor&aacute;rio &eacute; uma concess&atilde;o p&uacute;blica. A TV n&atilde;o &eacute; um balc&atilde;o de neg&oacute;cio&rdquo;, critica o representante das produtoras. <\/p>\n<p>O mestre em regula&ccedil;&atilde;o e pol&iacute;ticas de comunica&ccedil;&atilde;o e coordenador do Intervozes &ndash; Coletivo Brasil de Comunica&ccedil;&atilde;o Social Jo&atilde;o Brant faz coro com o presidente da ABPI-TV. &ldquo;O grande problema &eacute; que as emissoras misturam, propositalmente, produ&ccedil;&atilde;o independente com arrendamento de hor&aacute;rio na programa&ccedil;&atilde;o&rdquo;, avalia. <\/p>\n<p>Brant explica a diferen&ccedil;a entre uma coisa e outra: &ldquo;Na produ&ccedil;&atilde;o independente, a emissora compra a programa&ccedil;&atilde;o de um produtor, a partir da oferta de programa&ccedil;&atilde;o por parte destes. No arrendamento, &eacute; o contr&aacute;rio: o hor&aacute;rio &eacute; que &eacute; vendido para igrejas, lojas etc. Por isso que &eacute; indispens&aacute;vel a regulamenta&ccedil;&atilde;o dessa quest&atilde;o.&rdquo;<\/p>\n<p>Em resposta ao argumento das emissoras que levantam d&uacute;vidas sobre a qualidade da produ&ccedil;&atilde;o independente, Dias tem uma resposta na ponta da l&iacute;ngua. &ldquo;&Eacute; ingenuidade achar que, num pa&iacute;s desse tamanho, os diretores das empresas de radiodifus&atilde;o s&atilde;o os melhores.&rdquo;<\/p>\n","protected":false},"excerpt":{"rendered":"<p>Emissoras capixabas dizem que produzir &#8216;em casa&#8217; \u00e9 mais barato; empresas consideram produ\u00e7\u00e3o independente programas definidos por elas e encomendados a produtoras, al\u00e9m de hor\u00e1rios &#8216;arrendados&#8217;<\/p>\n","protected":false},"author":1,"featured_media":0,"comment_status":"open","ping_status":"open","sticky":false,"template":"","format":"standard","meta":{"footnotes":""},"categories":[40],"tags":[982],"_links":{"self":[{"href":"https:\/\/obscom.intervozes.org.br\/index.php?rest_route=\/wp\/v2\/posts\/22529"}],"collection":[{"href":"https:\/\/obscom.intervozes.org.br\/index.php?rest_route=\/wp\/v2\/posts"}],"about":[{"href":"https:\/\/obscom.intervozes.org.br\/index.php?rest_route=\/wp\/v2\/types\/post"}],"author":[{"embeddable":true,"href":"https:\/\/obscom.intervozes.org.br\/index.php?rest_route=\/wp\/v2\/users\/1"}],"replies":[{"embeddable":true,"href":"https:\/\/obscom.intervozes.org.br\/index.php?rest_route=%2Fwp%2Fv2%2Fcomments&post=22529"}],"version-history":[{"count":0,"href":"https:\/\/obscom.intervozes.org.br\/index.php?rest_route=\/wp\/v2\/posts\/22529\/revisions"}],"wp:attachment":[{"href":"https:\/\/obscom.intervozes.org.br\/index.php?rest_route=%2Fwp%2Fv2%2Fmedia&parent=22529"}],"wp:term":[{"taxonomy":"category","embeddable":true,"href":"https:\/\/obscom.intervozes.org.br\/index.php?rest_route=%2Fwp%2Fv2%2Fcategories&post=22529"},{"taxonomy":"post_tag","embeddable":true,"href":"https:\/\/obscom.intervozes.org.br\/index.php?rest_route=%2Fwp%2Fv2%2Ftags&post=22529"}],"curies":[{"name":"wp","href":"https:\/\/api.w.org\/{rel}","templated":true}]}}