{"id":22526,"date":"2009-02-16T17:30:53","date_gmt":"2009-02-16T17:30:53","guid":{"rendered":"https:\/\/obscom.intervozes.org.br\/wordpress\/?p=22526"},"modified":"2009-02-16T17:30:53","modified_gmt":"2009-02-16T17:30:53","slug":"no-ceara-deputado-defende-isencao-de-icms-para-radios-e-tvs","status":"publish","type":"post","link":"https:\/\/obscom.intervozes.org.br\/?p=22526","title":{"rendered":"No Cear\u00e1, deputado defende isen\u00e7\u00e3o de ICMS para r\u00e1dios e TVs"},"content":{"rendered":"<p>   \t \t \t \t \t<!-- \t\t@page { margin: 2cm } \t\tP { margin-bottom: 0.21cm } \t--> \t   <\/p>\n<p style=\"margin-bottom: 0cm\" class=\"western padrao\">O deputado Edson Silva (DEM) quer isen&ccedil;&atilde;o do ICMS para a compra de eletro-eletr&ocirc;nico para as emissoras de e r&aacute;dio e televis&atilde;o. O parlamentar chegou a cogitar apresentar um projeto de lei na Assembl&eacute;ia Legislativa determinando a isen&ccedil;&atilde;o do imposto para a radiodifus&atilde;o. Por&eacute;m ele reconhece que o projeto seria barrado nas comiss&otilde;es por ser inconstitucional, j&aacute; que sobre mat&eacute;rias tribut&aacute;rias a prerrogativa da iniciativa legislativa &eacute; exclusiva do Poder Executivo.<\/p>\n<p>Segundo o parlamentar, o intuito de apresentar o projeto &eacute; abrir a discuss&atilde;o sobre o fato de que as emissoras de TV e r&aacute;dio muitas vezes n&atilde;o t&ecirc;m condi&ccedil;&otilde;es de manterem seus programas pelo alto pre&ccedil;o desses equipamentos e acabam fechando as portas. O parlamentar afirma que a carga tribut&aacute;ria incidente nos produtos &eacute; muito alta e acaba contribuindo para a sonega&ccedil;&atilde;o, pois muitas empresas n&atilde;o t&ecirc;m condi&ccedil;&otilde;es financeiras de arcar com tantos tributos. Por isso assegura que a isen&ccedil;&atilde;o do ICMS sobre produtos essenciais para televis&atilde;o e r&aacute;dio iria contribuir para o melhor funcionamento dessas emissoras. <\/p>\n<p><strong>Vermelho<\/strong><\/p>\n<p>Edson Silva diz que vai propor a sua id&eacute;ia atrav&eacute;s de emenda. &ldquo;Muitas r&aacute;dios comunit&aacute;rias vivem no vermelho, muitas dessas emissoras trabalham no preju&iacute;zo, n&atilde;o t&ecirc;m faturamento suficiente e lucro nem pensar. A mesma coisa acontece com as emissora de televis&atilde;o no Cear&aacute;&rdquo;, informa, acrescentando que a sa&iacute;da, para algumas emissoras, &eacute; o arrendamento de hor&aacute;rio, &ldquo;o que prejudica muito os profissionais de imprensa preparados para o exerc&iacute;cio da profiss&atilde;o de radialista&rdquo;. Ele argumenta que existe isen&ccedil;&atilde;o de carga tribut&aacute;ria para os jornais, as revistas, peri&oacute;dicos e livros.<\/p>\n","protected":false},"excerpt":{"rendered":"<p>O deputado Edson Silva (DEM) quer isen&ccedil;&atilde;o do ICMS para a compra de eletro-eletr&ocirc;nico para as emissoras de e r&aacute;dio e televis&atilde;o. O parlamentar chegou a cogitar apresentar um projeto de lei na Assembl&eacute;ia Legislativa determinando a isen&ccedil;&atilde;o do imposto para a radiodifus&atilde;o. Por&eacute;m ele reconhece que o projeto seria barrado nas comiss&otilde;es por ser &hellip; <a href=\"https:\/\/obscom.intervozes.org.br\/?p=22526\" class=\"more-link\">Continue lendo <span class=\"screen-reader-text\">No Cear\u00e1, deputado defende isen\u00e7\u00e3o de ICMS para r\u00e1dios e TVs<\/span> <span class=\"meta-nav\">&rarr;<\/span><\/a><\/p>\n","protected":false},"author":1,"featured_media":0,"comment_status":"open","ping_status":"open","sticky":false,"template":"","format":"standard","meta":{"footnotes":""},"categories":[40],"tags":[980],"_links":{"self":[{"href":"https:\/\/obscom.intervozes.org.br\/index.php?rest_route=\/wp\/v2\/posts\/22526"}],"collection":[{"href":"https:\/\/obscom.intervozes.org.br\/index.php?rest_route=\/wp\/v2\/posts"}],"about":[{"href":"https:\/\/obscom.intervozes.org.br\/index.php?rest_route=\/wp\/v2\/types\/post"}],"author":[{"embeddable":true,"href":"https:\/\/obscom.intervozes.org.br\/index.php?rest_route=\/wp\/v2\/users\/1"}],"replies":[{"embeddable":true,"href":"https:\/\/obscom.intervozes.org.br\/index.php?rest_route=%2Fwp%2Fv2%2Fcomments&post=22526"}],"version-history":[{"count":0,"href":"https:\/\/obscom.intervozes.org.br\/index.php?rest_route=\/wp\/v2\/posts\/22526\/revisions"}],"wp:attachment":[{"href":"https:\/\/obscom.intervozes.org.br\/index.php?rest_route=%2Fwp%2Fv2%2Fmedia&parent=22526"}],"wp:term":[{"taxonomy":"category","embeddable":true,"href":"https:\/\/obscom.intervozes.org.br\/index.php?rest_route=%2Fwp%2Fv2%2Fcategories&post=22526"},{"taxonomy":"post_tag","embeddable":true,"href":"https:\/\/obscom.intervozes.org.br\/index.php?rest_route=%2Fwp%2Fv2%2Ftags&post=22526"}],"curies":[{"name":"wp","href":"https:\/\/api.w.org\/{rel}","templated":true}]}}