{"id":22516,"date":"2009-02-13T13:45:20","date_gmt":"2009-02-13T13:45:20","guid":{"rendered":"https:\/\/obscom.intervozes.org.br\/wordpress\/?p=22516"},"modified":"2009-02-13T13:45:20","modified_gmt":"2009-02-13T13:45:20","slug":"suspensao-valeu-por-todo-o-horario-de-verao","status":"publish","type":"post","link":"https:\/\/obscom.intervozes.org.br\/?p=22516","title":{"rendered":"Suspens\u00e3o valeu por todo o hor\u00e1rio de ver\u00e3o"},"content":{"rendered":"<p> \t<!-- \t\t@page { margin: 2cm } \t\tP { margin-bottom: 0.21cm } \t--> \t  <\/p>\n<p style=\"margin-bottom: 0cm\" class=\"western\"><span class=\"padrao\">Na madrugada do pr&oacute;ximo domingo (15), encerra-se mais um hor&aacute;rio de ver&atilde;o nas regi&otilde;es Sudeste, Centro-Oeste e Sul do pa&iacute;s. Segundo o Minist&eacute;rio das Minas e Energia, a medida representou uma economia de cerca de 2 mil megawatts, o equivalente a R$ 4 bilh&otilde;es. Mas um outro n&uacute;mero fornece uma dimens&atilde;o das controv&eacute;rsias encaradas pelo governo brasileiro em rela&ccedil;&atilde;o a temas como desenvolvimento versus direitos humanos: durante os quatro meses em que a mudan&ccedil;a de hor&aacute;rio esteve em vigor, a classifica&ccedil;&atilde;o indicativa dos programas televisivos deixou de existir para mais de 20 milh&otilde;es de crian&ccedil;as e adolescentes justamente nos estados onde n&atilde;o houve altera&ccedil;&atilde;o de hor&aacute;rio.<\/p>\n<p>A Portaria 1.220, publicada em junho de 2007 e que institui a classifica&ccedil;&atilde;o indicativa para TV, entrou plenamente em vigor apenas em abril de 2008, sobretudo por conta da resist&ecirc;ncia das emissoras a adaptar suas programa&ccedil;&otilde;es aos diferentes fusos hor&aacute;rios do pa&iacute;s. Naquele momento, o Minist&eacute;rio da Justi&ccedil;a concedeu duas prorroga&ccedil;&otilde;es de prazo para que as empresas adaptassem as transmiss&otilde;es. <\/p>\n<p>J&aacute; em outubro, o hor&aacute;rio de ver&atilde;o passou a ser o novo cabo-de-guerra entre o Minist&eacute;rio da Justi&ccedil;a, o Minist&eacute;rio P&uacute;blico Federal e as grandes empresas do setor. Com as mesmas alega&ccedil;&otilde;es de &ldquo;dificuldade t&eacute;cnica&rdquo; e &ldquo;preju&iacute;zo econ&ocirc;mico&rdquo;, as emissoras lograram a benevol&ecirc;ncia do ministro da Justi&ccedil;a, Tarso Genro, que acatou os argumentos das empresas e declarou suspensa a vincula&ccedil;&atilde;o entre a classifica&ccedil;&atilde;o dos programas e hor&aacute;rio de exibi&ccedil;&atilde;o. <\/p>\n<p>Segundo a portaria, a hora a ser seguida &eacute; a local, independente do fuso hor&aacute;rio. Mas com a decis&atilde;o do ministro, as emissoras mantiveram para as regi&otilde;es Norte e Nordeste a mesma programa&ccedil;&atilde;o vinculada ao hor&aacute;rio de Bras&iacute;lia, o que acarretou em uma diferen&ccedil;a de duas horas entre o hor&aacute;rio de veicula&ccedil;&atilde;o de um programa no Rio de Janeiro e em Manaus, por exemplo. <\/p>\n<p>&ldquo;Tivemos tratativas com o MJ para que a classifica&ccedil;&atilde;o indicativa fosse observada no per&iacute;odo de hor&aacute;rio de ver&atilde;o&rdquo;, conta Gilda Carvalho, procuradora federal dos direitos do cidad&atilde;o. &ldquo;Contudo, depois de muita conversa, n&atilde;o conseguimos que o ministro retrocedesse.&rdquo;<\/p>\n<p>Romeu Tuma Jr., secret&aacute;rio nacional de Justi&ccedil;a do MJ, acredita que, por ser o primeiro ano de aplica&ccedil;&atilde;o da medida &ldquo;obviamente, que problemas poderiam aparecer&rdquo; e que, para o pr&oacute;ximo ano, o MJ vai se adiantar e decidir mais cedo sobre a quest&atilde;o do hor&aacute;rio de ver&atilde;o.<\/p>\n<p><strong>Interpreta&ccedil;&otilde;es &agrave; parte<\/strong><\/p>\n<p>O imbr&oacute;glio entre as partes come&ccedil;ou quando opini&otilde;es divergentes surgiram a respeito da suposta diferen&ccedil;a entre fuso hor&aacute;rio e hor&aacute;rio de ver&atilde;o, a partir do questionamento da Associa&ccedil;&atilde;o Brasileira de Emissoras de R&aacute;dio e TV (Abert). A associa&ccedil;&atilde;o ouviu do gabinete do ministro Genro a resposta de que seriam, sim, coisas diferentes.<\/p>\n<p>O tema j&aacute; vinha sendo tratado com o MPF, justamente com o prop&oacute;sito de evitar erros de interpreta&ccedil;&atilde;o. Contudo, a boa inten&ccedil;&atilde;o do secret&aacute;rio Tuma Jr. n&atilde;o foi suficiente para que o caso chegasse solucionado ao prazo da instala&ccedil;&atilde;o do hor&aacute;rio de ver&atilde;o. &ldquo;Foi uma coisa &lsquo;meio de surpresa&rsquo;. N&atilde;o prev&iacute;amos que poder&iacute;amos ter, do nosso lado, interpreta&ccedil;&otilde;es diferentes.&rdquo;<\/p>\n<p>Segundo o secret&aacute;rio, a Abert alegava problema econ&ocirc;mico, o que levou &agrave; avalia&ccedil;&atilde;o de que seria pertinente o MPF cobrar dos empres&aacute;rios a explica&ccedil;&atilde;o desse preju&iacute;zo. &ldquo;Est&aacute;vamos construindo uma argumenta&ccedil;&atilde;o para apresentar ao ministro para que ele reavaliasse a decis&atilde;o. O MPF chegou a nos mandar a c&oacute;pia do of&iacute;cio encaminhado como resposta pela Abert, l&aacute; em outubro, novembro&rdquo;, contou Tuma Jr. &ldquo;O of&iacute;cio, na verdade, n&atilde;o esclarecia nada sobre o preju&iacute;zo econ&ocirc;mico. Pedimos uma revis&atilde;o disso pela Abert, eles disseram que enviariam e a&iacute; vem o per&iacute;odo de f&eacute;rias, aquela coisa enrolada&#8230; a gente estava aqui, todo dia, mas sabe como &eacute;&#8230;&rdquo;<\/p>\n<p>Apesar de tanto o secret&aacute;rio como a procuradora ressaltarem que existem entre as duas institui&ccedil;&otilde;es interesses comuns, o questionamento &agrave; Justi&ccedil;a feito pelo MPF logo ap&oacute;s a entrada em vigor do hor&aacute;rio de ver&atilde;o teria, segundo Tuma Jr., impedido novas a&ccedil;&otilde;es por parte do minist&eacute;rio. &ldquo;Veja bem: eu n&atilde;o estou questionando, criticando a atitude do MPF, mas fiquei amarrado porque eu n&atilde;o poderia deliberar sobre um tema que teria logo mais uma decis&atilde;o judicial&rdquo;, esclarece o secret&aacute;rio.<\/p>\n<p>Segundo Gilda, a partir da negativa do ministro em reavaliar a quest&atilde;o, n&atilde;o havia mais possibilidades de negocia&ccedil;&atilde;o, restando apenas a Justi&ccedil;a como resguardo. &ldquo;Nossa avalia&ccedil;&atilde;o &eacute; de que esgotamos as tratativas para que o ministro voltasse atr&aacute;s. No momento em que o ministro se nega, tivemos que procurar o sistema judici&aacute;rio.&rdquo;<\/p>\n<p><strong>Fora de hora<\/strong><\/p>\n<p>Segundo Mariana Martins, do Intervozes &ndash; Coletivo Brasil de Comunica&ccedil;&atilde;o Social, a implementa&ccedil;&atilde;o do hor&aacute;rio de ver&atilde;o afeta diretamente a popula&ccedil;&atilde;o do Norte e do Nordeste. O preju&iacute;zo se d&aacute; justamente porque n&atilde;o h&aacute; nenhum esfor&ccedil;o por parte das emissoras em adequar determinadas cenas das novelas, por exemplo, visto que a programa&ccedil;&atilde;o entra mais cedo nestes locais. Moradora de Recife, ela cita o exemplo do reality show Big Brother Brasil. &ldquo;Esse programa, por todo tipo de exposi&ccedil;&atilde;o que promove, n&atilde;o poderia passar antes das 22h em lugar nenhum do Brasil. Aqui, &agrave;s vezes, 20h30, 20h45 come&ccedil;a o programa.&rdquo; <\/p>\n<p>&ldquo;De fato, se o objetivo da classifica&ccedil;&atilde;o indicativa &eacute; indicar aos pais o que fazer e antecipa-se toda a programa&ccedil;&atilde;o da emissora, tira-se todo o prop&oacute;sito da classifica&ccedil;&atilde;o&rdquo;, avalia Ivan Moraes, conselheiro do Movimento Nacional de Direitos Humanos. Para ele, o trabalho dos pais &eacute; que acaba sendo prejudicado.<\/p>\n<p>Mariana questiona ainda a op&ccedil;&atilde;o das emissoras em deixar as regi&otilde;es Norte e Nordeste em segundo plano. &ldquo;N&oacute;s sempre temos que nos adaptar aos ditames do Sudeste. Quando n&atilde;o &eacute; pelo hor&aacute;rio de ver&atilde;o, &eacute; pela programa&ccedil;&atilde;o completamente dominada por programas do eixo Rio-S&atilde;o Paulo.&rdquo; A reclama&ccedil;&atilde;o procede pelo simples fato de que o hor&aacute;rio de ver&atilde;o, na verdade, altera a hora local dos estados do Sul, Sudeste e Centro-Oeste, mas quem tem a programa&ccedil;&atilde;o de TV modificada s&atilde;o os demais estados.<\/p>\n<p><strong>Para o pr&oacute;ximo ver&atilde;o<\/strong><\/p>\n<p>Romeu Tuma Jr. afirma que a posi&ccedil;&atilde;o da Secretaria Nacional de Justi&ccedil;a &eacute; de que o cumprimento da classifica&ccedil;&atilde;o indicativa tem de ser adequado ao hor&aacute;rio local e esta ser&aacute; a posi&ccedil;&atilde;o defendida este ano, para resolver a quest&atilde;o do hor&aacute;rio de ver&atilde;o com a anteced&ecirc;ncia que n&atilde;o existiu em 2008. Al&eacute;m disso, o MJ deve investir na divulga&ccedil;&atilde;o da CI e do trabalho do Departamento de Justi&ccedil;a &ndash; respons&aacute;vel pela classifica&ccedil;&atilde;o dos programas &ndash; atrav&eacute;s  de semin&aacute;rios nacionais, tanto para as emissoras e profissionais da &aacute;rea quanto para o p&uacute;blico.<\/p>\n<p>Sobre o a pol&ecirc;mica atual, o secret&aacute;rio enfatiza: &ldquo;O argumento econ&ocirc;mico cai por terra, porque ele n&atilde;o pode prevalecer sobre o direito das crian&ccedil;as e adolescentes, nem sobre a igualdade de todas as crian&ccedil;as do Brasil.&rdquo;<\/p>\n<p>Como este hor&aacute;rio de ver&atilde;o j&aacute; praticamente acabou, resta trabalhar para que as tais &ldquo;interpreta&ccedil;&otilde;es divergentes&rdquo; sejam finalmente resolvidas e que situa&ccedil;&otilde;es como as descritas por Mariana e Ivan n&atilde;o voltem a se repetir. &ldquo;Acreditamos que o ocorreu nos &uacute;ltimos meses ir&aacute; repercutir e trazer conseq&uuml;&ecirc;ncias. Sustentei que fuso e hor&aacute;rio de ver&atilde;o s&atilde;o a mesma coisa, portanto, que fique claro &agrave; Abert que a classifica&ccedil;&atilde;o indicativa deve ser respeitada em qualquer parte do pa&iacute;s&rdquo;, afirma Gilda Carvalho.<\/span><\/p>\n","protected":false},"excerpt":{"rendered":"<p>Vincula\u00e7\u00e3o entre hora de exibi\u00e7\u00e3o e classifica\u00e7\u00e3o dos programas televisivos foi suspensa a pedido das emissoras; secret\u00e1rio Nacional de Justi\u00e7a promete que, este ano, \u2018confus\u00e3o\u2019 ser\u00e1 desfeita a tempo<\/p>\n","protected":false},"author":1,"featured_media":0,"comment_status":"open","ping_status":"open","sticky":false,"template":"","format":"standard","meta":{"footnotes":""},"categories":[40],"tags":[111],"_links":{"self":[{"href":"https:\/\/obscom.intervozes.org.br\/index.php?rest_route=\/wp\/v2\/posts\/22516"}],"collection":[{"href":"https:\/\/obscom.intervozes.org.br\/index.php?rest_route=\/wp\/v2\/posts"}],"about":[{"href":"https:\/\/obscom.intervozes.org.br\/index.php?rest_route=\/wp\/v2\/types\/post"}],"author":[{"embeddable":true,"href":"https:\/\/obscom.intervozes.org.br\/index.php?rest_route=\/wp\/v2\/users\/1"}],"replies":[{"embeddable":true,"href":"https:\/\/obscom.intervozes.org.br\/index.php?rest_route=%2Fwp%2Fv2%2Fcomments&post=22516"}],"version-history":[{"count":0,"href":"https:\/\/obscom.intervozes.org.br\/index.php?rest_route=\/wp\/v2\/posts\/22516\/revisions"}],"wp:attachment":[{"href":"https:\/\/obscom.intervozes.org.br\/index.php?rest_route=%2Fwp%2Fv2%2Fmedia&parent=22516"}],"wp:term":[{"taxonomy":"category","embeddable":true,"href":"https:\/\/obscom.intervozes.org.br\/index.php?rest_route=%2Fwp%2Fv2%2Fcategories&post=22516"},{"taxonomy":"post_tag","embeddable":true,"href":"https:\/\/obscom.intervozes.org.br\/index.php?rest_route=%2Fwp%2Fv2%2Ftags&post=22516"}],"curies":[{"name":"wp","href":"https:\/\/api.w.org\/{rel}","templated":true}]}}