{"id":22514,"date":"2009-02-12T17:15:40","date_gmt":"2009-02-12T17:15:40","guid":{"rendered":"https:\/\/obscom.intervozes.org.br\/wordpress\/?p=22514"},"modified":"2009-02-12T17:15:40","modified_gmt":"2009-02-12T17:15:40","slug":"fust-para-inclusao-digital-e-uma-paixao-diz-presidente-do-tcu","status":"publish","type":"post","link":"https:\/\/obscom.intervozes.org.br\/?p=22514","title":{"rendered":"Fust para inclus\u00e3o digital \u00e9 &#8216;uma paix\u00e3o&#8217;, diz presidente do TCU"},"content":{"rendered":"<p>   \t \t \t \t \t<!-- \t\t@page { margin: 2cm } \t\tP { margin-bottom: 0.21cm } \t--> \t  <\/p>\n<p style=\"margin-bottom: 0cm\" class=\"western padrao\">O presidente do Tribunal de Contas da Uni&atilde;o, Ministro Ubiratan Aguiar, em entrevista &agrave; CDTV &#8211; do portal <em>Converg&ecirc;ncia Digital<\/em>, criticou a demora na utiliza&ccedil;&atilde;o dos recursos do Fundo de Universaliza&ccedil;&atilde;o dos Servi&ccedil;os de Telecomunica&ccedil;&otilde;es (Fust) da parte do governo, e classificou esse assunto como a sua &quot;maior paix&atilde;o&quot;.<\/p>\n<p>Para Ubiratan Aguiar, o fundo, que anualmente recolhe em torno de R$ 700 milh&otilde;es das empresas de telecomunica&ccedil;&otilde;es, j&aacute; deveria estar sendo utilizado largamente pelo governo, como forma de redu&ccedil;&atilde;o das desigualdades sociais. O ministro entende que h&aacute; um processo de exclus&atilde;o digital em curso no pa&iacute;s, o qual poderia ser revertido, caso o montante arrecadado pelo Fust fosse utilizado em programas de informatiza&ccedil;&atilde;o das escolas e de acesso &agrave; Internet.<\/p>\n<p>Em 2007, quando ocupava vaga de ministro e relator de um processo sobre o uso dos recursos do Fust, Ubiratan Aguiar deu um prazo de 180 dias para que os Minist&eacute;rios das Comunica&ccedil;&otilde;es e da Fazenda iniciassem programas de inclus&atilde;o digital, com a utiliza&ccedil;&atilde;o do Fust. De l&aacute; para c&aacute;, pouco mais de R$ 80 milh&otilde;es foram efetivamente, gastos pelo governo nesta &aacute;rea, a partir de recursos vindos do fundo.<\/p>\n<p>Em sua entrevista &agrave; CDTV, Ubiratan Aguiar tamb&eacute;m disse que os cerca de R$ 8 bilh&otilde;es, economizados ao longo do ano passado, em fun&ccedil;&atilde;o das fiscaliza&ccedil;&otilde;es preventivas do TCU dentro do governo, deveriam ser aplicados na &aacute;rea social.<\/p>\n<p><a href=\"http:\/\/www.convergenciadigital.com.br\/cgi\/cgilua.exe\/sys\/start.htm?infoid=17778&amp;sid=14\" target=\"_blank\">Assista a entrevista na CDTV.<\/a> <\/p>\n<p style=\"margin-bottom: 0cm\" class=\"western\"><span class=\"padrao\"><br \/><\/span> <\/p>\n<p style=\"margin-bottom: 0cm\" class=\"western\"><span class=\"padrao\"><br \/><\/span> <\/p>\n<p style=\"margin-bottom: 0cm\" class=\"western\"><span class=\"padrao\"><br \/><\/span> <\/p>\n<p style=\"margin-bottom: 0cm\" class=\"western\"><span class=\"padrao\"><br \/><\/span> <\/p>\n","protected":false},"excerpt":{"rendered":"<p>O presidente do Tribunal de Contas da Uni&atilde;o, Ministro Ubiratan Aguiar, em entrevista &agrave; CDTV &#8211; do portal Converg&ecirc;ncia Digital, criticou a demora na utiliza&ccedil;&atilde;o dos recursos do Fundo de Universaliza&ccedil;&atilde;o dos Servi&ccedil;os de Telecomunica&ccedil;&otilde;es (Fust) da parte do governo, e classificou esse assunto como a sua &quot;maior paix&atilde;o&quot;. Para Ubiratan Aguiar, o fundo, que &hellip; <a href=\"https:\/\/obscom.intervozes.org.br\/?p=22514\" class=\"more-link\">Continue lendo <span class=\"screen-reader-text\">Fust para inclus\u00e3o digital \u00e9 &#8216;uma paix\u00e3o&#8217;, diz presidente do TCU<\/span> <span class=\"meta-nav\">&rarr;<\/span><\/a><\/p>\n","protected":false},"author":1,"featured_media":0,"comment_status":"open","ping_status":"open","sticky":false,"template":"","format":"standard","meta":{"footnotes":""},"categories":[40],"tags":[977],"_links":{"self":[{"href":"https:\/\/obscom.intervozes.org.br\/index.php?rest_route=\/wp\/v2\/posts\/22514"}],"collection":[{"href":"https:\/\/obscom.intervozes.org.br\/index.php?rest_route=\/wp\/v2\/posts"}],"about":[{"href":"https:\/\/obscom.intervozes.org.br\/index.php?rest_route=\/wp\/v2\/types\/post"}],"author":[{"embeddable":true,"href":"https:\/\/obscom.intervozes.org.br\/index.php?rest_route=\/wp\/v2\/users\/1"}],"replies":[{"embeddable":true,"href":"https:\/\/obscom.intervozes.org.br\/index.php?rest_route=%2Fwp%2Fv2%2Fcomments&post=22514"}],"version-history":[{"count":0,"href":"https:\/\/obscom.intervozes.org.br\/index.php?rest_route=\/wp\/v2\/posts\/22514\/revisions"}],"wp:attachment":[{"href":"https:\/\/obscom.intervozes.org.br\/index.php?rest_route=%2Fwp%2Fv2%2Fmedia&parent=22514"}],"wp:term":[{"taxonomy":"category","embeddable":true,"href":"https:\/\/obscom.intervozes.org.br\/index.php?rest_route=%2Fwp%2Fv2%2Fcategories&post=22514"},{"taxonomy":"post_tag","embeddable":true,"href":"https:\/\/obscom.intervozes.org.br\/index.php?rest_route=%2Fwp%2Fv2%2Ftags&post=22514"}],"curies":[{"name":"wp","href":"https:\/\/api.w.org\/{rel}","templated":true}]}}