{"id":22506,"date":"2009-02-11T17:20:41","date_gmt":"2009-02-11T17:20:41","guid":{"rendered":"https:\/\/obscom.intervozes.org.br\/wordpress\/?p=22506"},"modified":"2009-02-11T17:20:41","modified_gmt":"2009-02-11T17:20:41","slug":"no-carnaval-anuncios-explicarao-diferenca-entre-tv-digital-e-tv-paga","status":"publish","type":"post","link":"https:\/\/obscom.intervozes.org.br\/?p=22506","title":{"rendered":"No Carnaval, an\u00fancios explicar\u00e3o diferen\u00e7a entre TV digital e TV paga"},"content":{"rendered":"<p>   \t \t \t \t \t<!-- \t\t@page { margin: 2cm } \t\tP { margin-bottom: 0.21cm } \t--> \t  <\/p>\n<p style=\"margin-bottom: 0cm\" class=\"western padrao\">Uma nova campanha de divulga&ccedil;&atilde;o dos benef&iacute;cios da TV Digital estar&aacute; no ar, em pleno Carnaval, em todo o pa&iacute;s. Com o t&iacute;tulo &quot;Democracia Digital&quot;, a iniciativa quer, principalmente, explicar ao telespectador que qualidade digital n&atilde;o &eacute; exclusividade dos assinantes da TV por assinatura.<\/p>\n<p>&quot;As pessoas estavam entendendo que para ter TV digital precisava ter assinatura de TV paga. A campanha vai mostrar para a popula&ccedil;&atilde;o que ela pode ter a TV com qualidade, sem pagar nada mais, al&eacute;m da compra do conversor&quot;, explica Frederico Nogueira, presidente do F&oacute;rum SBTVD e vice-presidente do Grupo Bandeirantes.<\/p>\n<p>A campanha vai lembrar que ao defender que a TV digital fosse livre, aberta e gratuita, as emissoras de TV criaram, na verdade, um forte diferencial para o sistema brasileiro: a gratuidade. Tamb&eacute;m vai enfatizar que &quot;Democracia digital&quot; &eacute; tamb&eacute;m mobilidade, alta defini&ccedil;&atilde;o e interatividade.<\/p>\n<p>&quot;Costumo dizer que a TV digital brasileira tem um trip&eacute; que a sustenta: mobilidade e\/ou portabilidade; alta defini&ccedil;&atilde;o e interatividade. Sem qualquer um deles, o SBTVD n&atilde;o consegue se equilibrar. Vamos vender mais conversores, na medida que tivermos a interatividade. Vai vender mais televisores quando conseguirmos mostrar para as pessoas o que &eacute; assistir TV em alta defini&ccedil;&atilde;o&quot;, observa Frederico Nogueira.<\/p>\n<p>&quot;E vender mais terminais port&aacute;teis quando a popula&ccedil;&atilde;o entender que &eacute; melhor levar o celular com TV para o est&aacute;dio, em vez do radinho de pilha, porqu&ecirc; nele &eacute; poss&iacute;vel ver o replay do lance&quot;, afirma Frederico. &quot;Tudo &eacute; uma quest&atilde;o cultural. Algo que a gente n&atilde;o faz da noite para o dia&quot;, completa.<\/p>\n","protected":false},"excerpt":{"rendered":"<p>Uma nova campanha de divulga&ccedil;&atilde;o dos benef&iacute;cios da TV Digital estar&aacute; no ar, em pleno Carnaval, em todo o pa&iacute;s. Com o t&iacute;tulo &quot;Democracia Digital&quot;, a iniciativa quer, principalmente, explicar ao telespectador que qualidade digital n&atilde;o &eacute; exclusividade dos assinantes da TV por assinatura. &quot;As pessoas estavam entendendo que para ter TV digital precisava ter &hellip; <a href=\"https:\/\/obscom.intervozes.org.br\/?p=22506\" class=\"more-link\">Continue lendo <span class=\"screen-reader-text\">No Carnaval, an\u00fancios explicar\u00e3o diferen\u00e7a entre TV digital e TV paga<\/span> <span class=\"meta-nav\">&rarr;<\/span><\/a><\/p>\n","protected":false},"author":1,"featured_media":0,"comment_status":"open","ping_status":"open","sticky":false,"template":"","format":"standard","meta":{"footnotes":""},"categories":[40],"tags":[457],"_links":{"self":[{"href":"https:\/\/obscom.intervozes.org.br\/index.php?rest_route=\/wp\/v2\/posts\/22506"}],"collection":[{"href":"https:\/\/obscom.intervozes.org.br\/index.php?rest_route=\/wp\/v2\/posts"}],"about":[{"href":"https:\/\/obscom.intervozes.org.br\/index.php?rest_route=\/wp\/v2\/types\/post"}],"author":[{"embeddable":true,"href":"https:\/\/obscom.intervozes.org.br\/index.php?rest_route=\/wp\/v2\/users\/1"}],"replies":[{"embeddable":true,"href":"https:\/\/obscom.intervozes.org.br\/index.php?rest_route=%2Fwp%2Fv2%2Fcomments&post=22506"}],"version-history":[{"count":0,"href":"https:\/\/obscom.intervozes.org.br\/index.php?rest_route=\/wp\/v2\/posts\/22506\/revisions"}],"wp:attachment":[{"href":"https:\/\/obscom.intervozes.org.br\/index.php?rest_route=%2Fwp%2Fv2%2Fmedia&parent=22506"}],"wp:term":[{"taxonomy":"category","embeddable":true,"href":"https:\/\/obscom.intervozes.org.br\/index.php?rest_route=%2Fwp%2Fv2%2Fcategories&post=22506"},{"taxonomy":"post_tag","embeddable":true,"href":"https:\/\/obscom.intervozes.org.br\/index.php?rest_route=%2Fwp%2Fv2%2Ftags&post=22506"}],"curies":[{"name":"wp","href":"https:\/\/api.w.org\/{rel}","templated":true}]}}