{"id":22502,"date":"2009-02-11T16:14:31","date_gmt":"2009-02-11T16:14:31","guid":{"rendered":"https:\/\/obscom.intervozes.org.br\/wordpress\/?p=22502"},"modified":"2009-02-11T16:14:31","modified_gmt":"2009-02-11T16:14:31","slug":"ministerio-congela-indicacoes-para-conselho-consultivo","status":"publish","type":"post","link":"https:\/\/obscom.intervozes.org.br\/?p=22502","title":{"rendered":"Minist\u00e9rio congela indica\u00e7\u00f5es para Conselho Consultivo"},"content":{"rendered":"<p>   \t \t \t \t \t<!-- \t\t@page { margin: 2cm } \t\tP { margin-bottom: 0.21cm } \t--> \t   <\/p>\n<p style=\"margin-bottom: 0cm\" class=\"western padrao\">At&eacute; o in&iacute;cio da semana passada parecia estar tudo pronto para as novas indica&ccedil;&otilde;es ao Conselho Consultivo da Ag&ecirc;ncia Nacional de Telecomunica&ccedil;&otilde;es (Anatel), evitando assim que o grupo delibere com cinco cadeiras vagas. Mas t&atilde;o logo os nomes sugeridos come&ccedil;aram a ser divulgados, o Minist&eacute;rio das Comunica&ccedil;&otilde;es resolveu recuar em duas indica&ccedil;&otilde;es e pode mudar o cen&aacute;rio projetado para o grupo de acompanhamento das atividades da Anatel. As duas vagas colocadas em xeque s&atilde;o destinadas &agrave; representa&ccedil;&atilde;o de entidades de defesa do consumidor e da sociedade civil. <\/p>\n<p>O primeiro &quot;problema&quot; seria uma constata&ccedil;&atilde;o tardia de que a indica&ccedil;&atilde;o de Karin Veloso Mazorca para a vaga das entidades de defesa dos usu&aacute;rios funcionaria como uma continuidade do trabalho da tamb&eacute;m advogada Fl&aacute;via Lef&egrave;vre. Ambas advogam em nome da Pro Teste, apesar de Fl&aacute;via ter tido seu nome encaminhado oficialmente para a vaga pelo instituto Indec (Instituto Nacional de Defesa dos Consumidores de Telecomunica&ccedil;&otilde;es). Como Fl&aacute;via se op&ocirc;s &agrave; reforma regulat&oacute;ria feita pela Anatel em 2008, a pedido do governo, o nome de Karin estaria enfrentando problemas neste momento. <\/p>\n<p>Ironicamente, &eacute; poss&iacute;vel que mesmo que seu nome seja confirmado a advogada da Pro Teste n&atilde;o chegue a assumir o Conselho Consultivo. Isso porque Karin deixar&aacute; o grupo de advogados da Pro Teste para assumir em cargo no funcionalismo p&uacute;blico. O que se tem at&eacute; o momento &eacute; que a indica&ccedil;&atilde;o que foi encaminhada &agrave; Casa Civil est&aacute; tacitamente suspensa desde o in&iacute;cio desta semana. <\/p>\n<p>Um outro problema &eacute; a indica&ccedil;&atilde;o para a segunda vaga representativa da sociedade. O nome escolhido havia sido o do presidente do conselho da empresa NEC, Paulo Gomes Castelo Branco. O temor &eacute; que repita-se com Castelo Branco o que aconteceu com o ocupante da primeira vaga para este segmento, Jos&eacute; Zunga. Com carreira no movimento sindical, Zunga &eacute; funcion&aacute;rio licenciado da Brasil Telecom e teve sua indica&ccedil;&atilde;o questionada pelo Minist&eacute;rio P&uacute;blico Federal (MPF). <\/p>\n<p>Para os procuradores, Zunga n&atilde;o teria legitimidade para representar a sociedade j&aacute; que ainda &eacute; funcion&aacute;rio de uma concession&aacute;ria de telefonia fixa. O fato de que Zunga ainda &eacute; funcion&aacute;rio por conta da Lei Sindical &#8211; que obriga os sindicalistas a terem v&iacute;nculo empregat&iacute;cio com empresas do setor do qual representam os trabalhadores &#8211; teria apaziguado a situa&ccedil;&atilde;o. Al&eacute;m do mais, a indica&ccedil;&atilde;o teria sido feita em nome do Instituto Observat&oacute;rio Social de Telecomunica&ccedil;&otilde;es (Iost), do qual Zunga &eacute; s&oacute;cio. <\/p>\n<p>A mesma sa&iacute;da a um eventual questionamento do MPF n&atilde;o poderia ser usada por Castelo Branco. Assim, para evitar futuros constrangimentos, o Minicom estaria repensando esta indica&ccedil;&atilde;o. N&atilde;o h&aacute; certeza nem de que os dois nomes ser&atilde;o descartados, nem se ser&atilde;o confirmados. Por praxe, o Minicom encaminha tr&ecirc;s nomes para cada uma das vagas &agrave; Casa Civil. No entanto, &eacute; sabido que os nomes desejados pelo minist&eacute;rio s&atilde;o apresentados com destaque ao Planalto. Seria o caso de Karin e de Castelo Branco. <\/p>\n<p>Com o novo cen&aacute;rio, o caminho poder&aacute; ser a escolha de um dos outros dois nomes encaminhados para essas vagas. Ou refazer a lista com outros nomes encaminhados ao Minicom durante o chamamento p&uacute;blico para o preenchimento dessas cadeiras. Quanto tempo isso ir&aacute; levar &eacute; uma inc&oacute;gnita. <\/p>\n<p>Duas indica&ccedil;&otilde;es que devem permanecer intactas na nova composi&ccedil;&atilde;o s&atilde;o as feitas pela C&acirc;mara e pelo Senado, que t&ecirc;m autonomia na escolha de seus representantes. Para a C&acirc;mara, foi indicado o economista e engenheiro Bernardo Estellita Lins, e pelo Senado, o consultor legislativo Leonardo Jos&eacute; Rolim Guimar&atilde;es. Outro nome confirmado &eacute; o representante do Executivo que ser&aacute; Roberto Pinto Martins, secret&aacute;rio de Telecomunica&ccedil;&otilde;es do Minicom. <\/p>\n<p>A &uacute;ltima reuni&atilde;o do Conselho Consultivo com a atual composi&ccedil;&atilde;o est&aacute; marcada para esta sexta-feira (13).<\/p>\n","protected":false},"excerpt":{"rendered":"<p>At&eacute; o in&iacute;cio da semana passada parecia estar tudo pronto para as novas indica&ccedil;&otilde;es ao Conselho Consultivo da Ag&ecirc;ncia Nacional de Telecomunica&ccedil;&otilde;es (Anatel), evitando assim que o grupo delibere com cinco cadeiras vagas. Mas t&atilde;o logo os nomes sugeridos come&ccedil;aram a ser divulgados, o Minist&eacute;rio das Comunica&ccedil;&otilde;es resolveu recuar em duas indica&ccedil;&otilde;es e pode mudar &hellip; <a href=\"https:\/\/obscom.intervozes.org.br\/?p=22502\" class=\"more-link\">Continue lendo <span class=\"screen-reader-text\">Minist\u00e9rio congela indica\u00e7\u00f5es para Conselho Consultivo<\/span> <span class=\"meta-nav\">&rarr;<\/span><\/a><\/p>\n","protected":false},"author":1,"featured_media":0,"comment_status":"open","ping_status":"open","sticky":false,"template":"","format":"standard","meta":{"footnotes":""},"categories":[40],"tags":[152],"_links":{"self":[{"href":"https:\/\/obscom.intervozes.org.br\/index.php?rest_route=\/wp\/v2\/posts\/22502"}],"collection":[{"href":"https:\/\/obscom.intervozes.org.br\/index.php?rest_route=\/wp\/v2\/posts"}],"about":[{"href":"https:\/\/obscom.intervozes.org.br\/index.php?rest_route=\/wp\/v2\/types\/post"}],"author":[{"embeddable":true,"href":"https:\/\/obscom.intervozes.org.br\/index.php?rest_route=\/wp\/v2\/users\/1"}],"replies":[{"embeddable":true,"href":"https:\/\/obscom.intervozes.org.br\/index.php?rest_route=%2Fwp%2Fv2%2Fcomments&post=22502"}],"version-history":[{"count":0,"href":"https:\/\/obscom.intervozes.org.br\/index.php?rest_route=\/wp\/v2\/posts\/22502\/revisions"}],"wp:attachment":[{"href":"https:\/\/obscom.intervozes.org.br\/index.php?rest_route=%2Fwp%2Fv2%2Fmedia&parent=22502"}],"wp:term":[{"taxonomy":"category","embeddable":true,"href":"https:\/\/obscom.intervozes.org.br\/index.php?rest_route=%2Fwp%2Fv2%2Fcategories&post=22502"},{"taxonomy":"post_tag","embeddable":true,"href":"https:\/\/obscom.intervozes.org.br\/index.php?rest_route=%2Fwp%2Fv2%2Ftags&post=22502"}],"curies":[{"name":"wp","href":"https:\/\/api.w.org\/{rel}","templated":true}]}}