{"id":22500,"date":"2009-02-11T16:03:46","date_gmt":"2009-02-11T16:03:46","guid":{"rendered":"https:\/\/obscom.intervozes.org.br\/wordpress\/?p=22500"},"modified":"2009-02-11T16:03:46","modified_gmt":"2009-02-11T16:03:46","slug":"municipios-buscam-informacoes-sobre-programas-de-inclusao-digital","status":"publish","type":"post","link":"https:\/\/obscom.intervozes.org.br\/?p=22500","title":{"rendered":"Munic\u00edpios buscam informa\u00e7\u00f5es sobre programas de inclus\u00e3o digital"},"content":{"rendered":"<p>   \t \t \t \t \t<!-- \t\t@page { margin: 2cm } \t\tP { margin-bottom: 0.21cm } \t--> \t   <\/p>\n<p style=\"margin-bottom: 0cm\" class=\"western padrao\">Participantes do Encontro Nacional de Novos Prefeitos e Prefeitas, em Bras&iacute;lia, tiveram hoje (11) a oportunidade de obter informa&ccedil;&otilde;es sobre os programas do governo federal para a Inclus&atilde;o Digital. Informa&ccedil;&otilde;es sobre tele-centros, acesso &agrave; internet, capacita&ccedil;&atilde;o de monitores e acesso aos recursos financeiros foram repassadas aos prefeitos por representantes dos minist&eacute;rios das Comunica&ccedil;&otilde;es, Educa&ccedil;&atilde;o, Ci&ecirc;ncia e Tecnologia e Planejamento.<\/p>\n<p>O assunto chamou a aten&ccedil;&atilde;o dos prefeitos, que lotaram a oficina. Para o o coordenador de Inclus&atilde;o Digital da Presid&ecirc;ncia da Rep&uacute;blica, Cezar Alvarez, o interesse dos prefeitos pelo assunto &eacute; o reflexo de que eles est&atilde;o mais conscientes da import&acirc;ncia de seu munic&iacute;pios participarem dos programas do governo.<\/p>\n<p>&ldquo;H&aacute; uma sensibilidade crescente dos prefeitos, que sem inclus&atilde;o digital o munic&iacute;pio pode perder oportunidades de desenvolver e qualificar seus servi&ccedil;os. Os prefeitos percebem que a inclus&atilde;o digital qualifica imensamente a sua cidade&rdquo;, afirmou Alvarez.<\/p>\n<p>Um exemplo de inclus&atilde;o digital &eacute; o munic&iacute;pio de Itaubal do Piririm (AP), de 8 mil habitantes. Segundo o prefeito Mirivaldo Santos, a inclus&atilde;o j&aacute; est&aacute; ocorrendo desde 2002 em todas as escolas da rede municipal e estadual, por meio de laborat&oacute;rios. Para ele, a oficina esclareceu muitas d&uacute;vidas. &ldquo;As informa&ccedil;&otilde;es que n&oacute;s obtemos aqui foram importantes para que possamos ter acesso aos programas, principalmente sobre a banda larga para outras comunidades do munic&iacute;pio&rdquo;.<\/p>\n<p>Em Bandeirante (SC), a situa&ccedil;&atilde;o &eacute; diferente. Os equipamentos chegaram, mas ainda n&atilde;o foram instalados. Segundo o prefeito Celso Biegelmeier, os telecentros ser&atilde;o montados a partir deste ano. &ldquo;A inclus&atilde;o digital se faz necess&aacute;ria, estamos organizando para que todos tenham acesso&rdquo;, afirma.<\/p>\n","protected":false},"excerpt":{"rendered":"<p>Participantes do Encontro Nacional de Novos Prefeitos e Prefeitas, em Bras&iacute;lia, tiveram hoje (11) a oportunidade de obter informa&ccedil;&otilde;es sobre os programas do governo federal para a Inclus&atilde;o Digital. Informa&ccedil;&otilde;es sobre tele-centros, acesso &agrave; internet, capacita&ccedil;&atilde;o de monitores e acesso aos recursos financeiros foram repassadas aos prefeitos por representantes dos minist&eacute;rios das Comunica&ccedil;&otilde;es, Educa&ccedil;&atilde;o, Ci&ecirc;ncia &hellip; <a href=\"https:\/\/obscom.intervozes.org.br\/?p=22500\" class=\"more-link\">Continue lendo <span class=\"screen-reader-text\">Munic\u00edpios buscam informa\u00e7\u00f5es sobre programas de inclus\u00e3o digital<\/span> <span class=\"meta-nav\">&rarr;<\/span><\/a><\/p>\n","protected":false},"author":1,"featured_media":0,"comment_status":"open","ping_status":"open","sticky":false,"template":"","format":"standard","meta":{"footnotes":""},"categories":[40],"tags":[490],"_links":{"self":[{"href":"https:\/\/obscom.intervozes.org.br\/index.php?rest_route=\/wp\/v2\/posts\/22500"}],"collection":[{"href":"https:\/\/obscom.intervozes.org.br\/index.php?rest_route=\/wp\/v2\/posts"}],"about":[{"href":"https:\/\/obscom.intervozes.org.br\/index.php?rest_route=\/wp\/v2\/types\/post"}],"author":[{"embeddable":true,"href":"https:\/\/obscom.intervozes.org.br\/index.php?rest_route=\/wp\/v2\/users\/1"}],"replies":[{"embeddable":true,"href":"https:\/\/obscom.intervozes.org.br\/index.php?rest_route=%2Fwp%2Fv2%2Fcomments&post=22500"}],"version-history":[{"count":0,"href":"https:\/\/obscom.intervozes.org.br\/index.php?rest_route=\/wp\/v2\/posts\/22500\/revisions"}],"wp:attachment":[{"href":"https:\/\/obscom.intervozes.org.br\/index.php?rest_route=%2Fwp%2Fv2%2Fmedia&parent=22500"}],"wp:term":[{"taxonomy":"category","embeddable":true,"href":"https:\/\/obscom.intervozes.org.br\/index.php?rest_route=%2Fwp%2Fv2%2Fcategories&post=22500"},{"taxonomy":"post_tag","embeddable":true,"href":"https:\/\/obscom.intervozes.org.br\/index.php?rest_route=%2Fwp%2Fv2%2Ftags&post=22500"}],"curies":[{"name":"wp","href":"https:\/\/api.w.org\/{rel}","templated":true}]}}