{"id":22499,"date":"2009-02-11T11:31:57","date_gmt":"2009-02-11T11:31:57","guid":{"rendered":"https:\/\/obscom.intervozes.org.br\/wordpress\/?p=22499"},"modified":"2009-02-11T11:31:57","modified_gmt":"2009-02-11T11:31:57","slug":"comissao-apresenta-propostas-para-convocacao","status":"publish","type":"post","link":"https:\/\/obscom.intervozes.org.br\/?p=22499","title":{"rendered":"Comiss\u00e3o apresenta propostas para convoca\u00e7\u00e3o"},"content":{"rendered":"<p> \t<!-- \t\t@page { margin: 2cm } \t\tP { margin-bottom: 0.21cm } \t--> \t     <\/p>\n<p style=\"margin-bottom: 0cm\" class=\"western padrao\">A Comiss&atilde;o Pr&oacute;-Confer&ecirc;ncia Nacional de Comunica&ccedil;&atilde;o &ndash; formada por entidades da sociedade civil espec&iacute;ficas da &aacute;rea, representantes da C&acirc;mara dos Deputados e movimentos sociais &ndash;, reuniu-se hoje com o consultor jur&iacute;dico do Minist&eacute;rio das Comunica&ccedil;&otilde;es, Marcelo Bechara, para apresentar contribui&ccedil;&otilde;es ao Decreto Presidencial que convocar&aacute; oficialmente a confer&ecirc;ncia e &agrave; Portaria que instituir&aacute; sua comiss&atilde;o organizadora. O encontro foi um encaminhamento de reuni&atilde;o entre as entidades e o governo realizada no Pal&aacute;cio do Planalto, no dia 3 de fevereiro.<\/p>\n<p>As entidades sugeriram que a confer&ecirc;ncia tenha como tema &quot;<span>Comunica&ccedil;&otilde;es: meios para a constru&ccedil;&atilde;o de direitos e de cidadania&quot;. Para integrantes da comitiva que foi ao Minicom, &eacute; fundamental que o t&iacute;tulo da confer&ecirc;ncia, que deve ser estabelecido no decreto convocat&oacute;rio, reflita a preocupa&ccedil;&atilde;o com a afirma&ccedil;&atilde;o da comunica&ccedil;&atilde;o como um direito e como elemento fundamental &agrave; realiza&ccedil;&atilde;o da democracia. H&aacute; um receio por parte das organiza&ccedil;&otilde;es de que o tema esteja focado em algum aspecto espec&iacute;fico do setor e exclua o debate sobre problemas antigos e estruturais. <\/p>\n<p>Ainda como sugest&atilde;o para a reda&ccedil;&atilde;o do decreto, <\/span>foi apresentada uma proposta de calend&aacute;rio que prev&ecirc; a realiza&ccedil;&atilde;o das etapas municipais ou regionais e debates tem&aacute;ticos at&eacute; o dia 22 de junho; das confer&ecirc;ncias estaduais, com car&aacute;ter deliberativo, para a elei&ccedil;&atilde;o de delegados e debate e aprova&ccedil;&atilde;o de propostas &agrave; nacional, no per&iacute;odo de 30 de junho a 15 de setembro; e da etapa nacional de 1 a 3 de dezembro, em Bras&iacute;lia. <\/p>\n<p>Em rela&ccedil;&atilde;o ao tema, Bechara concordou com a import&acirc;ncia de garantir um t&iacute;tulo que seja amplo e abarque as diversas dimens&otilde;es da realidade das comunica&ccedil;&otilde;es no pa&iacute;s. Ele adiantou que o minist&eacute;rio deve enviar nesta quarta-feira (11) a proposta de Decreto &agrave; Casa Civil, mas n&atilde;o arriscou uma previs&atilde;o de quando o texto deve ser publicado oficialmente pela Presid&ecirc;ncia da Rep&uacute;blica. <\/p>\n<p><strong>Comiss&atilde;o Organizadora<\/strong><\/p>\n<p>Entre as propostas, tamb&eacute;m foi apresentada uma sugest&atilde;o de composi&ccedil;&atilde;o da Comiss&atilde;o Organizadora da confer&ecirc;ncia. A comiss&atilde;o defende que ela seja formada por 30 membros. Destes, seriam 10 integrantes do poder p&uacute;blico, sendo quatro do Executivo, quatro do Legislativo, um do Conselho Nacional de Justi&ccedil;a representando o Judici&aacute;rio, al&eacute;m de um procurador do Minist&eacute;rio P&uacute;blico da Uni&atilde;o. Entre as vagas da sociedade, cinco seriam de associa&ccedil;&otilde;es de operadores comerciais do setor e 15 de organiza&ccedil;&otilde;es da sociedade civil n&atilde;o-empresarial. <\/p>\n<p>Esta &uacute;ltima cota contemplaria usu&aacute;rios dos servi&ccedil;os de comunica&ccedil;&atilde;o, com direito &agrave; 5 vagas; organiza&ccedil;&otilde;es espec&iacute;ficas da &aacute;rea (como profissionais, radiodifusores comunit&aacute;rios, associa&ccedil;&otilde;es e ONGs), com 7; entidades do campo p&uacute;blico de comunica&ccedil;&atilde;o, com 2, e a Academia, com uma cadeira na comiss&atilde;o. <\/p>\n<p>A entrega da proposta marca o in&iacute;cio das negocia&ccedil;&otilde;es para a forma&ccedil;&atilde;o da Comiss&atilde;o Organizadora. Marcelo Bechara demonstrou receio quanto ao n&uacute;mero de pessoas sugerido. &quot;Temos que tomar cuidado para n&atilde;o ser um grupo muito grande que dificulte a execu&ccedil;&atilde;o do processo&quot;, disse. M&aacute;rcio Ara&uacute;jo, da Comiss&atilde;o de Direitos Humanos e Minorias da C&acirc;mara (CDHM), justificou argumentando que na maioria das confer&ecirc;ncias, institui-se comiss&otilde;es com esta quantidade de membros para garantir uma representa&ccedil;&atilde;o mais ampla. Ela n&atilde;o inviabilizaria a condu&ccedil;&atilde;o do processo, acrescentou, pois aprovaria as linhas gerais, ficando a execu&ccedil;&atilde;o do trabalho a cargo de um comit&ecirc; menor.<\/p>\n<p>Nas pr&oacute;ximas semanas, governo, empres&aacute;rios e entidades da sociedade civil dever&atilde;o realizar uma s&eacute;rie de reuni&otilde;es at&eacute; chegar &agrave; arquitetura final da inst&acirc;ncia. Na avalia&ccedil;&atilde;o das entidades que integram a Comiss&atilde;o Pr&oacute;-Confer&ecirc;ncia, houve uma boa recep&ccedil;&atilde;o &agrave; proposta. A expectativa agora &eacute; que o governo confirme a composi&ccedil;&atilde;o apresentada, assegurando ampla participa&ccedil;&atilde;o aos segmentos da sociedade e definindo seus membros.<\/p>\n","protected":false},"excerpt":{"rendered":"<p>Contribui\u00e7\u00e3o para defini\u00e7\u00e3o de tema, calend\u00e1rio e composi\u00e7\u00e3o da comiss\u00e3o organizadora foi entregue no dia 10 ao Minist\u00e9rio das Comunica\u00e7\u00f5es; decreto convocat\u00f3rio n\u00e3o tem data para ser publicado<\/p>\n","protected":false},"author":1,"featured_media":0,"comment_status":"open","ping_status":"open","sticky":false,"template":"","format":"standard","meta":{"footnotes":""},"categories":[40],"tags":[570],"_links":{"self":[{"href":"https:\/\/obscom.intervozes.org.br\/index.php?rest_route=\/wp\/v2\/posts\/22499"}],"collection":[{"href":"https:\/\/obscom.intervozes.org.br\/index.php?rest_route=\/wp\/v2\/posts"}],"about":[{"href":"https:\/\/obscom.intervozes.org.br\/index.php?rest_route=\/wp\/v2\/types\/post"}],"author":[{"embeddable":true,"href":"https:\/\/obscom.intervozes.org.br\/index.php?rest_route=\/wp\/v2\/users\/1"}],"replies":[{"embeddable":true,"href":"https:\/\/obscom.intervozes.org.br\/index.php?rest_route=%2Fwp%2Fv2%2Fcomments&post=22499"}],"version-history":[{"count":0,"href":"https:\/\/obscom.intervozes.org.br\/index.php?rest_route=\/wp\/v2\/posts\/22499\/revisions"}],"wp:attachment":[{"href":"https:\/\/obscom.intervozes.org.br\/index.php?rest_route=%2Fwp%2Fv2%2Fmedia&parent=22499"}],"wp:term":[{"taxonomy":"category","embeddable":true,"href":"https:\/\/obscom.intervozes.org.br\/index.php?rest_route=%2Fwp%2Fv2%2Fcategories&post=22499"},{"taxonomy":"post_tag","embeddable":true,"href":"https:\/\/obscom.intervozes.org.br\/index.php?rest_route=%2Fwp%2Fv2%2Ftags&post=22499"}],"curies":[{"name":"wp","href":"https:\/\/api.w.org\/{rel}","templated":true}]}}