{"id":22496,"date":"2009-02-10T16:32:46","date_gmt":"2009-02-10T16:32:46","guid":{"rendered":"https:\/\/obscom.intervozes.org.br\/wordpress\/?p=22496"},"modified":"2009-02-10T16:32:46","modified_gmt":"2009-02-10T16:32:46","slug":"radios-comunitarias-de-sao-paulo-serao-obrigadas-a-pagar-direitos-autorais","status":"publish","type":"post","link":"https:\/\/obscom.intervozes.org.br\/?p=22496","title":{"rendered":"R\u00e1dios comunit\u00e1rias de S\u00e3o Paulo ser\u00e3o obrigadas a pagar direitos autorais"},"content":{"rendered":"<p>   \t \t \t \t \t<!-- \t\t@page { margin: 2cm } \t\tP { margin-bottom: 0.21cm } \t--> \t  <\/p>\n<p style=\"margin-bottom: 0cm\" class=\"western padrao\">O juiz Maur&iacute;cio Campos da Silva Velho, da 16&ordf; Vara C&iacute;vel de S&atilde;o Paulo, determinou que o Sindicato de Emissoras Comunit&aacute;rias de S&atilde;o Paulo deve pagar direitos autorais ao Escrit&oacute;rio Central de Arrecada&ccedil;&atilde;o e Distribui&ccedil;&atilde;o (Ecad).<\/p>\n<p>O sindicato havia entrado com um pedido para revogar o pagamento alegando que transmiss&atilde;o de m&uacute;sicas por suas r&aacute;dios serve apenas a fins culturais, e n&atilde;o econ&ocirc;micos. Portanto, a entidade queria impedir o envio de boletos de pagamento para as emissoras. <\/p>\n<p>No entanto, o juiz considerou a a&ccedil;&atilde;o improcedente, por entender que o pagamento de direitos autorais &eacute; obrigat&oacute;rio mesmo que n&atilde;o haja lucro na transmiss&atilde;o de m&uacute;sicas. &quot;Sendo incontroversa a execu&ccedil;&atilde;o p&uacute;blica, por suas associadas, de obras variadas cuja propriedade intelectual pertence a terceiros, cabe a elas, por sua vez, efetuar o pagamento dos direitos autorais&quot;, declarou o magistrado.<\/p>\n<p>Segundo o site Consultor Jur&iacute;dico, o gerente executivo jur&iacute;dico do Ecad, Samuel Fahel, disse que a decis&atilde;o judicial reafirma &quot;o que a Lei dos Direitos Autorais expressa com clareza, o dever da retribui&ccedil;&atilde;o autoral, quando da execu&ccedil;&atilde;o p&uacute;blica das obras musicais&quot;.<\/p>\n","protected":false},"excerpt":{"rendered":"<p>O juiz Maur&iacute;cio Campos da Silva Velho, da 16&ordf; Vara C&iacute;vel de S&atilde;o Paulo, determinou que o Sindicato de Emissoras Comunit&aacute;rias de S&atilde;o Paulo deve pagar direitos autorais ao Escrit&oacute;rio Central de Arrecada&ccedil;&atilde;o e Distribui&ccedil;&atilde;o (Ecad). O sindicato havia entrado com um pedido para revogar o pagamento alegando que transmiss&atilde;o de m&uacute;sicas por suas r&aacute;dios &hellip; <a href=\"https:\/\/obscom.intervozes.org.br\/?p=22496\" class=\"more-link\">Continue lendo <span class=\"screen-reader-text\">R\u00e1dios comunit\u00e1rias de S\u00e3o Paulo ser\u00e3o obrigadas a pagar direitos autorais<\/span> <span class=\"meta-nav\">&rarr;<\/span><\/a><\/p>\n","protected":false},"author":1,"featured_media":0,"comment_status":"open","ping_status":"open","sticky":false,"template":"","format":"standard","meta":{"footnotes":""},"categories":[40],"tags":[973],"_links":{"self":[{"href":"https:\/\/obscom.intervozes.org.br\/index.php?rest_route=\/wp\/v2\/posts\/22496"}],"collection":[{"href":"https:\/\/obscom.intervozes.org.br\/index.php?rest_route=\/wp\/v2\/posts"}],"about":[{"href":"https:\/\/obscom.intervozes.org.br\/index.php?rest_route=\/wp\/v2\/types\/post"}],"author":[{"embeddable":true,"href":"https:\/\/obscom.intervozes.org.br\/index.php?rest_route=\/wp\/v2\/users\/1"}],"replies":[{"embeddable":true,"href":"https:\/\/obscom.intervozes.org.br\/index.php?rest_route=%2Fwp%2Fv2%2Fcomments&post=22496"}],"version-history":[{"count":0,"href":"https:\/\/obscom.intervozes.org.br\/index.php?rest_route=\/wp\/v2\/posts\/22496\/revisions"}],"wp:attachment":[{"href":"https:\/\/obscom.intervozes.org.br\/index.php?rest_route=%2Fwp%2Fv2%2Fmedia&parent=22496"}],"wp:term":[{"taxonomy":"category","embeddable":true,"href":"https:\/\/obscom.intervozes.org.br\/index.php?rest_route=%2Fwp%2Fv2%2Fcategories&post=22496"},{"taxonomy":"post_tag","embeddable":true,"href":"https:\/\/obscom.intervozes.org.br\/index.php?rest_route=%2Fwp%2Fv2%2Ftags&post=22496"}],"curies":[{"name":"wp","href":"https:\/\/api.w.org\/{rel}","templated":true}]}}