{"id":22493,"date":"2009-02-10T15:26:35","date_gmt":"2009-02-10T15:26:35","guid":{"rendered":"https:\/\/obscom.intervozes.org.br\/wordpress\/?p=22493"},"modified":"2009-02-10T15:26:35","modified_gmt":"2009-02-10T15:26:35","slug":"bornhausen-diz-ainda-esperar-reuniao-com-ministro-sobre-conferencia-e-contesta-declaracoes","status":"publish","type":"post","link":"https:\/\/obscom.intervozes.org.br\/?p=22493","title":{"rendered":"Bornhausen diz ainda esperar reuni\u00e3o com ministro sobre Confer\u00eancia e contesta declara\u00e7\u00f5es"},"content":{"rendered":"<p>   \t \t \t \t \t<!-- \t\t@page { margin: 2cm } \t\tP { margin-bottom: 0.21cm } \t--> \t  <\/p>\n<p style=\"margin-bottom: 0cm\" class=\"western padrao\">Em comunicado enviado &agrave; reda&ccedil;&atilde;o do <strong>Observat&oacute;rio do Direito &agrave; Comunica&ccedil;&atilde;o<\/strong>, o deputado federal Paulo Bornhausen (DEM-SC) esclarece que ainda n&atilde;o houve reuni&atilde;o entre a Frente Parlamentar Mista de Radiodifus&atilde;o, presidida por ele, e o ministro das Comunica&ccedil;&otilde;es, H&eacute;lio Costa, para tratar da participa&ccedil;&atilde;o do grupo de parlamentares no processo de organiza&ccedil;&atilde;o da Confer&ecirc;ncia Nacional de Comunica&ccedil;&atilde;o. Bornhausen telefonou para o ministro, que concordou em se reunir com representantes da frente o mais breve poss&iacute;vel.<\/p>\n<p>No comunicado, o deputado do DEM diz ter ficado &ldquo;pasmo com a rea&ccedil;&atilde;o &agrave; participa&ccedil;&atilde;o&rdquo; da frente na confer&ecirc;ncia. Segundo Borhausen, a Frente Parlamentar Mista de Radiodifus&atilde;o &eacute; um &ldquo;&oacute;rg&atilde;o leg&iacute;timo do Congresso Nacional&rdquo; e conta com &ldquo;isen&ccedil;&atilde;o ideol&oacute;gica&rdquo;. &ldquo;A rea&ccedil;&atilde;o &agrave; participa&ccedil;&atilde;o da Frente na Confer&ecirc;ncia Nacional de Comunica&ccedil;&atilde;o, isso sim, &eacute; que deixa transparecer ran&ccedil;o ideol&oacute;gico&rdquo;, diz o texto.<\/p>\n<p>O deputado classifica as declara&ccedil;&otilde;es contr&aacute;rias &agrave; participa&ccedil;&atilde;o da frente no Grupo de Trabalho que deve dirigir o processo da confer&ecirc;ncia como &ldquo;uma tentativa de cerceamento&rdquo; que representaria &ldquo;uma amea&ccedil;a &agrave; democracia&rdquo; e &ldquo;permite que se elocubre sobre quais as reais inten&ccedil;&otilde;es desses que se acham donos do evento&rdquo;.<\/p>\n","protected":false},"excerpt":{"rendered":"<p>Em comunicado enviado &agrave; reda&ccedil;&atilde;o do Observat&oacute;rio do Direito &agrave; Comunica&ccedil;&atilde;o, o deputado federal Paulo Bornhausen (DEM-SC) esclarece que ainda n&atilde;o houve reuni&atilde;o entre a Frente Parlamentar Mista de Radiodifus&atilde;o, presidida por ele, e o ministro das Comunica&ccedil;&otilde;es, H&eacute;lio Costa, para tratar da participa&ccedil;&atilde;o do grupo de parlamentares no processo de organiza&ccedil;&atilde;o da Confer&ecirc;ncia Nacional &hellip; <a href=\"https:\/\/obscom.intervozes.org.br\/?p=22493\" class=\"more-link\">Continue lendo <span class=\"screen-reader-text\">Bornhausen diz ainda esperar reuni\u00e3o com ministro sobre Confer\u00eancia e contesta declara\u00e7\u00f5es<\/span> <span class=\"meta-nav\">&rarr;<\/span><\/a><\/p>\n","protected":false},"author":1,"featured_media":0,"comment_status":"open","ping_status":"open","sticky":false,"template":"","format":"standard","meta":{"footnotes":""},"categories":[39],"tags":[],"_links":{"self":[{"href":"https:\/\/obscom.intervozes.org.br\/index.php?rest_route=\/wp\/v2\/posts\/22493"}],"collection":[{"href":"https:\/\/obscom.intervozes.org.br\/index.php?rest_route=\/wp\/v2\/posts"}],"about":[{"href":"https:\/\/obscom.intervozes.org.br\/index.php?rest_route=\/wp\/v2\/types\/post"}],"author":[{"embeddable":true,"href":"https:\/\/obscom.intervozes.org.br\/index.php?rest_route=\/wp\/v2\/users\/1"}],"replies":[{"embeddable":true,"href":"https:\/\/obscom.intervozes.org.br\/index.php?rest_route=%2Fwp%2Fv2%2Fcomments&post=22493"}],"version-history":[{"count":0,"href":"https:\/\/obscom.intervozes.org.br\/index.php?rest_route=\/wp\/v2\/posts\/22493\/revisions"}],"wp:attachment":[{"href":"https:\/\/obscom.intervozes.org.br\/index.php?rest_route=%2Fwp%2Fv2%2Fmedia&parent=22493"}],"wp:term":[{"taxonomy":"category","embeddable":true,"href":"https:\/\/obscom.intervozes.org.br\/index.php?rest_route=%2Fwp%2Fv2%2Fcategories&post=22493"},{"taxonomy":"post_tag","embeddable":true,"href":"https:\/\/obscom.intervozes.org.br\/index.php?rest_route=%2Fwp%2Fv2%2Ftags&post=22493"}],"curies":[{"name":"wp","href":"https:\/\/api.w.org\/{rel}","templated":true}]}}