{"id":22486,"date":"2009-02-09T17:27:28","date_gmt":"2009-02-09T17:27:28","guid":{"rendered":"https:\/\/obscom.intervozes.org.br\/wordpress\/?p=22486"},"modified":"2009-02-09T17:27:28","modified_gmt":"2009-02-09T17:27:28","slug":"em-busca-de-solucoes-para-a-inclusao-digital","status":"publish","type":"post","link":"https:\/\/obscom.intervozes.org.br\/?p=22486","title":{"rendered":"Em busca de solu\u00e7\u00f5es para a inclus\u00e3o digital"},"content":{"rendered":"\n<p style=\"margin-bottom: 0cm\" class=\"western\"><em>O assessor especial da Presid&ecirc;ncia da Rep&uacute;blica, Cezar Alvarez, tem entre as suas fun&ccedil;&otilde;es a coordena&ccedil;&atilde;o de projetos de inclus&atilde;o digital do Governo Federal. Nesse in&iacute;cio de ano, o Instituto Nacional de Tecnologia da Informa&ccedil;&atilde;o (ITI) convidou o assessor para fazer um balan&ccedil;o da &aacute;rea e os projetos para este ano. O ITI participa do projeto Casa Brasil e &eacute; parceiro nos programas de inclus&atilde;o digital do governo brasileiro. <\/p>\n<p>Entre os desafios apontados est&atilde;o a amplia&ccedil;&atilde;o dos telecentros no pa&iacute;s e a discuss&atilde;o de uma pol&iacute;tica de banda larga, em especial nas &aacute;reas mais remotas do pa&iacute;s. Alvarez avaliou que o governo est&aacute; buscando solu&ccedil;&atilde;o para ampliar o acesso &agrave; internet em alta velocidade a pre&ccedil;os razo&aacute;veis para a popula&ccedil;&atilde;o. Al&eacute;m disso, est&aacute; sendo dada continuidade aos projetos de inclus&atilde;o digital, principalmente no uso de tecnologias de informa&ccedil;&atilde;o e comunica&ccedil;&atilde;o nas escolas. Acompanhe a integra da entrevista com C&eacute;zar Alvarez a seguir: <\/p>\n<p><\/em><strong>Quais foram os projetos desenvolvidos pelo governo direcionados &agrave; inclus&atilde;o digital em 2008? <br \/><\/strong>Durante o ano de 2008, o governo federal avan&ccedil;ou em projetos de inclus&atilde;o digital em tr&ecirc;s grandes linhas: na amplia&ccedil;&atilde;o da infraestrutura de acesso &agrave; internet em banda larga, no uso das tecnologias de informa&ccedil;&atilde;o e comunica&ccedil;&atilde;o (TIC) nas escolas e tamb&eacute;m na amplia&ccedil;&atilde;o do n&uacute;mero de telecentros comunit&aacute;rios. <br \/>Quanto &agrave; quest&atilde;o da infraestrutura de banda larga, o Minist&eacute;rio das Comunica&ccedil;&otilde;es concluiu a licita&ccedil;&atilde;o de 12 mil novos pontos GESAC (Governo Eletr&ocirc;nico &ndash; Servi&ccedil;o de Atendimento ao Cidad&atilde;o), levando conex&atilde;o &agrave; internet a &aacute;reas remotas do nosso territ&oacute;rio. Tamb&eacute;m para ampliar o acesso &agrave; internet, o Governo Federal promoveu a troca de uma das obriga&ccedil;&otilde;es de universaliza&ccedil;&atilde;o das empresas de telefonia fixa. A obriga&ccedil;&atilde;o de garantir que todo munic&iacute;pio brasileiro fosse atendido com postos de servi&ccedil;o de telecomunica&ccedil;&otilde;es &#8211; com quatro telefones p&uacute;blicos e quatro computadores com conex&atilde;o discada &agrave; internet &#8211; foi substitu&iacute;da pela obriga&ccedil;&atilde;o de implantar infraestrutura de suporte &agrave; banda larga em 100% dos munic&iacute;pios at&eacute; o final de 2010. No in&iacute;cio de 2008, mais de 3 mil munic&iacute;pios brasileiros n&atilde;o possu&iacute;am essa infraestrutura. <br \/>Para ampliar o uso das TIC na educa&ccedil;&atilde;o, tamb&eacute;m como parte do acordo com as prestadoras de telefonia, ficou estabelecido que elas oferecer&atilde;o conex&atilde;o &agrave; internet em banda larga a todas as escolas p&uacute;blicas urbanas brasileiras, que hoje somam quase 57 mil escolas. A conex&atilde;o &agrave; internet ser&aacute; instalada em todas essas escolas e ser&aacute; ofertada gratuitamente at&eacute; o final do ano de 2025. <br \/>Ainda para aumentar o uso das TIC na educa&ccedil;&atilde;o, o governo desenvolveu um projeto denominado Computador Port&aacute;til para Professores que &eacute; fruto de uma parceria que envolve as ind&uacute;strias de computadores, o setor banc&aacute;rio e o governo, com log&iacute;stica integrada por meio dos Correios. O objetivo &eacute; criar condi&ccedil;&otilde;es para facilitar a aquisi&ccedil;&atilde;o de computadores port&aacute;teis para professores da rede p&uacute;blica e privada da educa&ccedil;&atilde;o b&aacute;sica, profissional e superior, a baixo custo e com condi&ccedil;&otilde;es diferenciadas de empr&eacute;stimo. Esse projeto encontra-se na fase de credenciamento da ind&uacute;stria e das institui&ccedil;&otilde;es banc&aacute;rias participantes. <br \/>Tamb&eacute;m com foco na educa&ccedil;&atilde;o, em dezembro de 2008, dando seguimento ao Projeto Um Computador por Aluno (UCA), o Governo Federal promoveu o preg&atilde;o para aquisi&ccedil;&atilde;o de 150 mil notebooks, que ser&atilde;o utilizados para o projeto piloto do UCA. Ser&atilde;o cerca de 300 escolas, com no m&iacute;nimo 10 por estado. <br \/>Outra linha da inclus&atilde;o digital, que temos buscado fortalecer, &eacute; a dos telecentros para o acesso comunit&aacute;rio. Durante o ano de 2008, um grupo formado por representantes de diversos &oacute;rg&atilde;os do Governo Federal deu seguimento &agrave; discuss&atilde;o de uma estrat&eacute;gia conjunta para fortalecimento e amplia&ccedil;&atilde;o dos telecentros do pa&iacute;s. Em paralelo, o Minist&eacute;rio das Comunica&ccedil;&otilde;es implementou um projeto de telecentros, por meio do qual cada munic&iacute;pio brasileiro recebeu equipamentos para montar um telecentro comunit&aacute;rio. <\/p>\n<p><strong>Qual a sua avalia&ccedil;&atilde;o do crescimento nessa &aacute;rea?<\/strong> <br \/>Ainda h&aacute; muitos desafios da inclus&atilde;o digital no Brasil, mas &eacute; poss&iacute;vel afirmar que avan&ccedil;amos. Em termos de vendas de computadores, o Brasil havia vendido 4,1 milh&otilde;es de PCs em 2004, considerando notebooks e desktops. Esse n&uacute;mero subiu para 10 milh&otilde;es em 2007 e, at&eacute; junho de 2008, foram vendidos 5,7 milh&otilde;es de PCs. Ainda n&atilde;o foram divulgados os dados de todo o ano de 2008, mas a previs&atilde;o de venda &eacute; de 11,9 milh&otilde;es de PCs. <br \/>O n&uacute;mero de usu&aacute;rios domiciliares de internet subiu de 21 milh&otilde;es em 2007 para 24 milh&otilde;es at&eacute; setembro de 2008. H&aacute; dados tamb&eacute;m apontando que, no primeiro trimestre de 2008, 41,5 milh&otilde;es de brasileiros com 16 anos ou mais declararam ter acesso &agrave; internet em algum ambiente &#8211; casa, trabalho, escola, por exemplo. <br \/>Em termos de acesso &agrave; internet em banda larga, em 2007, havia no Brasil 7,7 milh&otilde;es de acessos. Esse n&uacute;mero se elevou para 9,6 milh&otilde;es at&eacute; o 3&ordm; trimestre de 2008. Se formos considerar a densidade de acessos, ou seja, o n&uacute;mero de conex&otilde;es em banda larga a cada grupo de 100 habitantes, percebemos que sa&iacute;mos de um patamar de 4,1 em 2007 para 5,0 at&eacute; o 3&ordm; trimestre de 2008. <\/p>\n<p><strong>Quais s&atilde;o os pr&oacute;ximos projetos?<\/strong> <br \/>Em novembro de 2008, o presidente da Rep&uacute;blica aprovou um projeto para amplia&ccedil;&atilde;o e fortalecimento dos telecentros no pa&iacute;s. Esse projeto ser&aacute; implantado ao longo de 2009 e 2010. A meta &eacute; implantar cerca de 3 mil novos telecentros ainda esse ano e 10 mil novos em 2010. Tamb&eacute;m faz parte do projeto a qualifica&ccedil;&atilde;o e fortalecimento dos telecentros j&aacute; existentes (cerca de 11 mil, j&aacute; considerando os que t&ecirc;m sido implantados pelo Minist&eacute;rio das Comunica&ccedil;&otilde;es). Todos eles, os existentes e os a serem implantados, integrar&atilde;o uma rede de forma&ccedil;&atilde;o, com agentes de inclus&atilde;o digital mantidos com bolsas.<br \/>O projeto tamb&eacute;m contempla a oferta de conex&atilde;o pelo GESAC e a oferta de equipamentos (computadores, impressora, dentre outros) necess&aacute;rios ao telecentro. Esse projeto ter&aacute; coordena&ccedil;&atilde;o interministerial, englobando os Minist&eacute;rios do Planejamento, Or&ccedil;amento e Gest&atilde;o, das Comunica&ccedil;&otilde;es e da Ci&ecirc;ncia e Tecnologia. <\/p>\n<p><strong>Quais s&atilde;o os rumos para o projeto Casa Brasil para esse ano de 2009? H&aacute; alguma mudan&ccedil;a? <\/strong><br \/>O Casa Brasil &eacute; um projeto muito importante do ponto de vista da consolida&ccedil;&atilde;o do papel dos telecentros enquanto espa&ccedil;os n&atilde;o somente de acesso &agrave; internet, mas tamb&eacute;m de agrega&ccedil;&atilde;o social, de forma&ccedil;&atilde;o cidad&atilde; e de acesso a lazer. O objetivo para essa ano &eacute; aproximar o Casa Brasil mais do Minist&eacute;rio da Ci&ecirc;ncia e Tecnologia e integr&aacute;-lo a outros projetos de igual natureza desenvolvidos no &acirc;mbito da Secretaria de Ci&ecirc;ncia e Tecnologia para a Inclus&atilde;o Social do Minist&eacute;rio.<\/p>\n","protected":false},"excerpt":{"rendered":"<p>Assessor da Presid\u00eancia avalia pol\u00edtica e projetos para 2009<\/p>\n","protected":false},"author":1,"featured_media":0,"comment_status":"open","ping_status":"open","sticky":false,"template":"","format":"standard","meta":{"footnotes":""},"categories":[43],"tags":[968],"_links":{"self":[{"href":"https:\/\/obscom.intervozes.org.br\/index.php?rest_route=\/wp\/v2\/posts\/22486"}],"collection":[{"href":"https:\/\/obscom.intervozes.org.br\/index.php?rest_route=\/wp\/v2\/posts"}],"about":[{"href":"https:\/\/obscom.intervozes.org.br\/index.php?rest_route=\/wp\/v2\/types\/post"}],"author":[{"embeddable":true,"href":"https:\/\/obscom.intervozes.org.br\/index.php?rest_route=\/wp\/v2\/users\/1"}],"replies":[{"embeddable":true,"href":"https:\/\/obscom.intervozes.org.br\/index.php?rest_route=%2Fwp%2Fv2%2Fcomments&post=22486"}],"version-history":[{"count":0,"href":"https:\/\/obscom.intervozes.org.br\/index.php?rest_route=\/wp\/v2\/posts\/22486\/revisions"}],"wp:attachment":[{"href":"https:\/\/obscom.intervozes.org.br\/index.php?rest_route=%2Fwp%2Fv2%2Fmedia&parent=22486"}],"wp:term":[{"taxonomy":"category","embeddable":true,"href":"https:\/\/obscom.intervozes.org.br\/index.php?rest_route=%2Fwp%2Fv2%2Fcategories&post=22486"},{"taxonomy":"post_tag","embeddable":true,"href":"https:\/\/obscom.intervozes.org.br\/index.php?rest_route=%2Fwp%2Fv2%2Ftags&post=22486"}],"curies":[{"name":"wp","href":"https:\/\/api.w.org\/{rel}","templated":true}]}}