{"id":22471,"date":"2009-02-05T14:39:09","date_gmt":"2009-02-05T14:39:09","guid":{"rendered":"https:\/\/obscom.intervozes.org.br\/wordpress\/?p=22471"},"modified":"2009-02-05T14:39:09","modified_gmt":"2009-02-05T14:39:09","slug":"professor-defende-integracao-de-experiencias-de-cidades-digitais-no-pais","status":"publish","type":"post","link":"https:\/\/obscom.intervozes.org.br\/?p=22471","title":{"rendered":"Professor defende integra\u00e7\u00e3o de experi\u00eancias de cidades digitais no pa\u00eds"},"content":{"rendered":"<p> \t<!-- \t\t@page { margin: 2cm } \t\tP { margin-bottom: 0.21cm } \t--> \t <\/p>\n<p style=\"margin-bottom: 0cm\" class=\"western padrao\"><a name=\"11f46eec34a9bba2_m6685\" title=\"11f46eec34a9bba2_m6685\"><\/a>Mais importante do que estabelecer um ranking das cidades digitais brasileiras &eacute; promover a integra&ccedil;&atilde;o das experi&ecirc;ncias j&aacute; realizadas no pa&iacute;s, avalia o coordenador do projeto Munic&iacute;pios Digitais, da Universidade Federal Fluminense (UFF), professor Franklin Dias Coelho.<\/p>\n<p>Ele afirmou &agrave; <em>Ag&ecirc;ncia Brasil <\/em>que o principal &eacute; expandir uma pol&iacute;tica nacional que vai exigir o uso de banda larga. As experi&ecirc;ncias em andamento, comparou, s&atilde;o semelhantes a ilhas que precisam se agrupar em arquip&eacute;lagos para se transformar em um projeto nacional.<\/p>\n<p>&ldquo;Para ser uma cidade digital, ela tem que ter 100% da popula&ccedil;&atilde;o acessada. Tem que ter uma cultura digital&rdquo;, destacou Franklin, acrescentando que a gest&atilde;o de sa&uacute;de e educa&ccedil;&atilde;o tem que estar tamb&eacute;m conectada em rede. &ldquo;O fundamental, neste momento, &eacute; integra&ccedil;&atilde;o de uma estrutura&ccedil;&atilde;o de rede&rdquo;.<\/p>\n<p>De acordo com o professor, ainda falta muita coisa a ser feita nessa &aacute;rea no pa&iacute;s, porque o cen&aacute;rio &eacute; de muita fragmenta&ccedil;&atilde;o. &ldquo;O grande gargalo hoje para as cidades digitais se realizarem &eacute; elas terem capacidade de banda larga.&rdquo; Esse servi&ccedil;o, assinalou, &eacute; muito caro no Brasil. &ldquo;&Eacute; um pre&ccedil;o de monop&oacute;lio.&rdquo; <\/p>\n","protected":false},"excerpt":{"rendered":"<p>Mais importante do que estabelecer um ranking das cidades digitais brasileiras &eacute; promover a integra&ccedil;&atilde;o das experi&ecirc;ncias j&aacute; realizadas no pa&iacute;s, avalia o coordenador do projeto Munic&iacute;pios Digitais, da Universidade Federal Fluminense (UFF), professor Franklin Dias Coelho. Ele afirmou &agrave; Ag&ecirc;ncia Brasil que o principal &eacute; expandir uma pol&iacute;tica nacional que vai exigir o uso &hellip; <a href=\"https:\/\/obscom.intervozes.org.br\/?p=22471\" class=\"more-link\">Continue lendo <span class=\"screen-reader-text\">Professor defende integra\u00e7\u00e3o de experi\u00eancias de cidades digitais no pa\u00eds<\/span> <span class=\"meta-nav\">&rarr;<\/span><\/a><\/p>\n","protected":false},"author":1,"featured_media":0,"comment_status":"open","ping_status":"open","sticky":false,"template":"","format":"standard","meta":{"footnotes":""},"categories":[40],"tags":[178],"_links":{"self":[{"href":"https:\/\/obscom.intervozes.org.br\/index.php?rest_route=\/wp\/v2\/posts\/22471"}],"collection":[{"href":"https:\/\/obscom.intervozes.org.br\/index.php?rest_route=\/wp\/v2\/posts"}],"about":[{"href":"https:\/\/obscom.intervozes.org.br\/index.php?rest_route=\/wp\/v2\/types\/post"}],"author":[{"embeddable":true,"href":"https:\/\/obscom.intervozes.org.br\/index.php?rest_route=\/wp\/v2\/users\/1"}],"replies":[{"embeddable":true,"href":"https:\/\/obscom.intervozes.org.br\/index.php?rest_route=%2Fwp%2Fv2%2Fcomments&post=22471"}],"version-history":[{"count":0,"href":"https:\/\/obscom.intervozes.org.br\/index.php?rest_route=\/wp\/v2\/posts\/22471\/revisions"}],"wp:attachment":[{"href":"https:\/\/obscom.intervozes.org.br\/index.php?rest_route=%2Fwp%2Fv2%2Fmedia&parent=22471"}],"wp:term":[{"taxonomy":"category","embeddable":true,"href":"https:\/\/obscom.intervozes.org.br\/index.php?rest_route=%2Fwp%2Fv2%2Fcategories&post=22471"},{"taxonomy":"post_tag","embeddable":true,"href":"https:\/\/obscom.intervozes.org.br\/index.php?rest_route=%2Fwp%2Fv2%2Ftags&post=22471"}],"curies":[{"name":"wp","href":"https:\/\/api.w.org\/{rel}","templated":true}]}}