{"id":22469,"date":"2009-02-04T19:22:10","date_gmt":"2009-02-04T19:22:10","guid":{"rendered":"https:\/\/obscom.intervozes.org.br\/wordpress\/?p=22469"},"modified":"2009-02-04T19:22:10","modified_gmt":"2009-02-04T19:22:10","slug":"midia-comercial-ampliou-visibilidade-mas-manteve-preconceitos","status":"publish","type":"post","link":"https:\/\/obscom.intervozes.org.br\/?p=22469","title":{"rendered":"M\u00eddia comercial ampliou visibilidade, mas manteve preconceitos"},"content":{"rendered":"<p>   \t \t \t \t \t<!-- \t\t@page { margin: 2cm } \t\tP { margin-bottom: 0.21cm } \t--> \t       <\/p>\n<p style=\"margin-bottom: 0cm\" class=\"western padrao\">O F&oacute;rum Social Mundial surgiu como um contraponto ao F&oacute;rum Econ&ocirc;mico de Davos. Ano ap&oacute;s ano, o balan&ccedil;o de organizadores e lideran&ccedil;as manteve-se altamente cr&iacute;tico &agrave; cobertura feita pelos meios de comunica&ccedil;&atilde;o comerciais, a chamada grande m&iacute;dia: enquanto celebravam-se as an&aacute;lises otimistas sobre a expans&atilde;o do capitalismo mundial feitas em Davos, eram invisibilizadas e ironizadas as propostas por um &quot;outro mundo poss&iacute;vel&quot; discutidas em cada uma das edi&ccedil;&otilde;es do FSM. <\/p>\n<p>No entanto, no encontro deste ano, realizado em Bel&eacute;m entre 27 de janeiro de 1o de fevereiro, a postura mudou, ainda que muito levemente. O F&oacute;rum Social ganhou visibilidade na m&iacute;dia comercial em uma cobertura que mostrou a exist&ecirc;ncia de evento de car&aacute;ter internacional discutindo perspectivas alternativas para o futuro da humanidade, mas manteve sempre esta presen&ccedil;a em condi&ccedil;&atilde;o inferior ao F&oacute;rum de Davos. <\/p>\n<p>Para Rita Freire, integrante do Grupo de Trabalho de Comunica&ccedil;&atilde;o do FSM e coordenadora do projeto de cobertura compartilhada Ciranda, esta postura de alguma abertura foi resultado da crise total de projeto dos l&iacute;deres do capitalismo mundial reunidos na Su&iacute;&ccedil;a. &quot;O FSM teve mais visibilidade na m&iacute;dia do que em anos anteriores, possivelmente porque h&aacute; expectativa de que exista alternativa ao caos que estamos vivendo hoje em todos os setores e sistemas que organizam o planeta.&rdquo;<\/p>\n<p>Exclus&atilde;o das alternativas<\/p>\n<p>Mesmo assim, na avalia&ccedil;&atilde;o dos entrevistados pelo <strong>Observat&oacute;rio do Direito &agrave; Comunica&ccedil;&atilde;o<\/strong>, as reportagens da m&iacute;dia comercial mantiveram um vi&eacute;s limitado e cr&iacute;tico ao F&oacute;rum Social, marcado pelo excessivo destaque &agrave; agenda dos presidentes latino-americanos, em especial &agrave;s cr&iacute;ticas ao presidente Luiz In&aacute;cio Lula da Silva, pela espetaculariza&ccedil;&atilde;o do encontro e das culturas diferenciadas presentes nele e pela busca de contradi&ccedil;&otilde;es entre os discursos altermundistas e supostas pr&aacute;ticas pr&oacute;-capitalistas. <\/p>\n<p>As propostas de mudan&ccedil;as do atual modelo de desenvolvimento, radicais ou n&atilde;o, apresentadas em seus debates permaneceram fora da agenda midi&aacute;tica. &quot;N&atilde;o houve espa&ccedil;o para este debate, mas houve visibilidade&quot;, diz Freire. &quot;A m&iacute;dia convencional se foca muito no evento como um todo, no espet&aacute;culo e acaba deixando de lado debates que s&atilde;o importantes&quot;, endossa Kellem Cabral, jornalista que coordenou a Assessoria de Imprensa do FSM.<\/p>\n<p>O soci&oacute;logo Emir Sader, em artigo escrito para a <em>Ag&ecirc;ncia Carta Maior<\/em>, defende que a m&iacute;dia comercial n&atilde;o consegue enxergar o F&oacute;rum Social porque mant&ecirc;m a &oacute;tica do discurso que sustentou o capitalismo neoliberal at&eacute; a crise. &quot;Seu estilo e sua &oacute;tica est&aacute; feita para Davos, para executivos, ex-ministros de economia. Temas como os diagn&oacute;sticos da crise e as alternativas, a guerra e as alternativas de paz, as propostas de desenvolvimento sustent&aacute;vel &ndash; fundamentais no FSM &ndash; est&atilde;o fora da pauta.&rdquo; <\/p>\n<p>Outro tema que deveria ser caro aos grupos de m&iacute;dia, a crise econ&ocirc;mica e editorial destes, &eacute; tamb&eacute;m exclu&iacute;do da cobertura realizada. &quot;A m&iacute;dia mercantil &eacute; um caso perdido para a compreens&atilde;o do mundo contempor&acirc;neo&quot;, conclui Sader. <\/p>\n<p><strong>Estrelas presidenciais e midi&aacute;ticas<\/strong><\/p>\n<p>Quando apareceram, as cr&iacute;ticas dos movimentos sociais e organiza&ccedil;&otilde;es presentes em Bel&eacute;m vieram sempre com alvo certo: o presidente Lula. &quot;O FSM, como tudo, &eacute; objeto das fofocas sobre eventuais desgastes do governo Lula &ndash; a obsess&atilde;o dessa m&iacute;dia&quot;, aponta Sader. <\/p>\n<p>No dia 28, a <em>Folha de S. Paulo <\/em>refor&ccedil;ou este ponto de vista de desgaste de Lula ao cravar como t&iacute;tulo de sua mat&eacute;ria &quot;Lula enfrentar&aacute; cobran&ccedil;as em f&oacute;rum por efeitos da crise&quot;. O n&atilde;o convite ao presidente para a atividade promovida pelo MST com os presidentes Evo Morales, Hugo Chavez, Rafael Corr&ecirc;a e Fernando Lugo tamb&eacute;m ganhou destaque na mat&eacute;ria. <\/p>\n<p>As atividades da Coordena&ccedil;&atilde;o Nacional de Lutas (Conlutas) contra as respostas do governo federal &agrave; crise, mesmo que n&atilde;o integrando uma programa&ccedil;&atilde;o unit&aacute;ria e oficial do FSM, tamb&eacute;m ganharam men&ccedil;&atilde;o na reportagem do peri&oacute;dico paulista. &Eacute; fato not&oacute;rio que parte importante dos presentes em Bel&eacute;m manteve avalia&ccedil;&otilde;es cr&iacute;ticas do governo brasileiro, mas estas nunca foram noticiadas do ponto de vista de suas propostas, mas apenas como mostras de arranh&otilde;es na alta aprova&ccedil;&atilde;o de Lula. <\/p>\n<p>&quot;Boa parte da cobertura foi dedicada &agrave;s autoridades presentes, ocuparam 2 ou 3 dias. A imprensa foi atr&aacute;s da declara&ccedil;&atilde;o dos ministros&quot;, avalia Rog&eacute;rio Jord&atilde;o, assessor de imprensa do Ibase, uma das entidades organizadoras do f&oacute;rum, e respons&aacute;vel por municiar seus integrantes diariamente com an&aacute;lises sobre a cobertura realizada. <\/p>\n<p>Guiada pelo caminho das estrelas, sejam elas presidenciais ou n&atilde;o, tamb&eacute;m causou <em>frisson<\/em> o boato de que a atriz Angelina Jolie poderia ir ao FSM. &quot;<span>&Eacute; mais importante o destaque &agrave; Angelina Jolie e Bono Vox ou a este momento para a Am&eacute;rica Latina e para o mundo? E a imprensa n&atilde;o olha para isso, n&atilde;o diz isso nos seus programas&quot;, questiona Rosane Bertotti, secret&aacute;ria de comunica&ccedil;&atilde;o da Central &Uacute;nica dos Trabalhadores (CUT).<\/span> <\/p>\n<p><strong>Contradi&ccedil;&otilde;es<\/strong><\/p>\n<p>Um terceiro vi&eacute;s da cobertura dos ve&iacute;culos sobre o F&oacute;rum Social Mundial &eacute; j&aacute; uma constante ao longo das edi&ccedil;&otilde;es do evento e busca contradi&ccedil;&otilde;es entre o discurso por um outro mundo poss&iacute;vel e as pr&aacute;ticas pol&iacute;ticas ou de viv&ecirc;ncia dos participantes. &quot;A grande m&iacute;dia procurou lado contradit&oacute;rio, dizendo que o f&oacute;rum faz tudo aquilo que quer mudar, refor&ccedil;ando que FSM n&atilde;o traz nada de novo&quot;, diz Rita Freire.<\/p>\n<p>Exemplo deste tipo de pauta &eacute; a mat&eacute;ria feita por Rodrigo Bertolotto para o portal UOL publicada em 27 de janeiro sob o t&iacute;tulo &quot;Participantes do F&oacute;rum planejam &#39;outro mundo&#39;, mas lucram com o atual&quot;. Nela, o rep&oacute;rter aponta uma suposta contradi&ccedil;&atilde;o entre a cr&iacute;tica ao capitalismo realizada no FSM e a venda de artigos para arrecada&ccedil;&atilde;o de dinheiro, como se a contesta&ccedil;&atilde;o passasse por uma nega&ccedil;&atilde;o das formas de busca de renda.<\/p>\n<p>Associada a este tipo de mat&eacute;ria est&atilde;o tamb&eacute;m as que v&ecirc;em no F&oacute;rum Social um conjunto de eventos pitorescos. A diversidade das manifesta&ccedil;&otilde;es presentes s&atilde;o vistas com estranhamento e aqueles comportamentos que diferenciam-se da conduta normalizada nos grandes meios &eacute; folclorizada ou ridicularizada, ao inv&eacute;s de ser compreendida. <\/p>\n<p>Segundo Rog&eacute;rio Jord&atilde;o, do Ibase, os meios de comunica&ccedil;&atilde;o t&ecirc;m dificuldade de compreender a complexidade do evento e optam por se &quot;ater ao pitoresco, ao &#39;wojosdireitoacotock&#39;, ao car&aacute;ter midi&aacute;tico das imagens, pegando este lado f&aacute;cil da coisa&quot;. O jornal mineiro <em>O Tempo<\/em> deu grande destaque a uma &quot;marcha pela legaliza&ccedil;&atilde;o da maconha&quot; que teria sido realizada durante o FSM, o que ajuda a refor&ccedil;ar a id&eacute;ia de que este tipo de evento seria a atividade comum do evento. <\/p>\n<p><strong>Cobertura diferenciada<\/strong><\/p>\n<p>Jord&atilde;o avalia que houve uma diferen&ccedil;a entre o notici&aacute;rio das redes de TV e r&aacute;dio e aquele da m&iacute;dia impressa. Os primeiros estiveram mais abertos ao F&oacute;rum Social Mundial, retrataram os grandes temas, enquanto os segundos tiveram postura clara de desconstru&ccedil;&atilde;o do evento e de suas discuss&otilde;es. &quot;As televis&otilde;es, embora tamb&eacute;m n&atilde;o tenham conseguido aprofundar, apresentaram temas muito mais ligados ao F&oacute;rum, como a Amaz&ocirc;nia. Por dois dias, deram mat&eacute;rias sobre tr&aacute;fico de mulheres ou den&uacute;ncias neste sentido. A pessoa que viu TV talvez tenha compreendido mais o F&oacute;rum do que os jornais, e com vi&eacute;s simp&aacute;tico&quot;, avalia.<\/p>\n<p>A diferen&ccedil;a advogada pelo assessor do Ibase &eacute; de fato percept&iacute;vel. Mat&eacute;rias do <em>Jornal Nacional<\/em>, da Rede Globo, e do <em>Jornal da Record<\/em> deram a cobertura b&aacute;sica, com n&uacute;meros de participantes do evento, mas tamb&eacute;m apresentaram os grandes temas em debate, como a Amaz&ocirc;nia e a crise financeira internacional. <\/p>\n<p>No dia 27, primeiro dia do FSM, o <em>Jornal Nacional <\/em>fez mat&eacute;ria de apresenta&ccedil;&atilde;o do evento, elencando os principais debates. No mesmo dia, o <em>Jornal da Record <\/em>destacou as pautas ind&iacute;genas pela preserva&ccedil;&atilde;o da Amaz&ocirc;nia. No dia 28, na primeira mat&eacute;ria sobre o FSM, o <em>Jornal Nacional <\/em>economizou julgamentos e apresentou rapidamente o foco do primeiro dia do evento nas discuss&otilde;es sobre a Amaz&ocirc;nia. O <em>Jornal da Record<\/em> deu destaque &agrave;s den&uacute;ncias contra os assassinatos cometidos contra l&iacute;deres do movimento campesino. <\/p>\n<p>J&aacute; a m&iacute;dia impressa foi o principal ve&iacute;culo dos preconceitos analisados anteriormente. Mat&eacute;rias da <em>Folha de S. Paulo<\/em> e de outros peri&oacute;dicos impressos mantiveram a postura dos anos anteriores. As revistas semanais que chegaram &agrave;s bancas neste fim-de-semana repetem a carga de ataque ao F&oacute;rum Social. A revista <em>Veja <\/em>fez chacota, sugerindo que, se estivesse vivo, Karl Marx n&atilde;o encontraria nada de v&aacute;lido em Bel&eacute;m, apenas &quot;alguns &iacute;ndios e seus l&iacute;deres invocando entidades incorp&oacute;reas que regeriam a vida em um continente chamado Abya Yala, como &eacute; politicamente correto se referir na l&iacute;ngua ind&iacute;gena kuna ao que conhecemos como Am&eacute;rica Latina&quot;. <\/p>\n<p>Por isso, continua o seman&aacute;rio, o intelectual alem&atilde;o se dirigiria &agrave; Davos, onde de fato se fazia a cr&iacute;tica do sistema capitalista. J&aacute; a revista <em>&Eacute;poca<\/em>, das Organiza&ccedil;&otilde;es Globo, classificou o FSM como &quot;spa ideol&oacute;gico&quot;, criticando os patroc&iacute;nios concedidos por estatais no valor de R$ 750 mil. A reportagem conclui afirmando que as id&eacute;ias &quot;exaustivamente discutidas no F&oacute;rum&quot; nunca s&atilde;o &quot;implementadas no mundo real&quot;.<\/p>\n<p><strong>Falta de projeto, mas clareza do que n&atilde;o se quer<\/strong><\/p>\n<p>Ao final, o F&oacute;rum Social Mundial conseguiu aparecer como um evento noticiado para parte importante dos brasileiros pelas mat&eacute;rias das redes comerciais de TV. Se &eacute; v&aacute;lido o argumento segundo o qual tal visibilidade se deu por conta do esfacelamento dos pressupostos neoliberais, tamb&eacute;m foi vis&iacute;vel a conten&ccedil;&atilde;o operada em rela&ccedil;&atilde;o &agrave;s propostas de reformas e revolu&ccedil;&otilde;es nesta fase do sistema capitalista. <\/p>\n<p>A cobertura do FSM realizado em Bel&eacute;m refor&ccedil;a a necessidade urgente de uma m&iacute;dia plural e diversa, da qual fa&ccedil;am parte meios p&uacute;blicos e livres que possam dar vis&atilde;o a estes projetos alternativos. Do contr&aacute;rio, tanto a chacota como a cobertura s&oacute;bria continuar&atilde;o alijando as for&ccedil;as de esquerda da disputa real pelo outro mundo poss&iacute;vel.<\/p>\n","protected":false},"excerpt":{"rendered":"<p>Crise mundial colocou o encontro de Bel\u00e9m em evid\u00eancia, mas tratamento dado aos grandes debates feitos dentro do FSM ainda \u00e9 superficial e, em muitos casos, desrespeitoso<\/p>\n","protected":false},"author":1,"featured_media":0,"comment_status":"open","ping_status":"open","sticky":false,"template":"","format":"standard","meta":{"footnotes":""},"categories":[40],"tags":[954],"_links":{"self":[{"href":"https:\/\/obscom.intervozes.org.br\/index.php?rest_route=\/wp\/v2\/posts\/22469"}],"collection":[{"href":"https:\/\/obscom.intervozes.org.br\/index.php?rest_route=\/wp\/v2\/posts"}],"about":[{"href":"https:\/\/obscom.intervozes.org.br\/index.php?rest_route=\/wp\/v2\/types\/post"}],"author":[{"embeddable":true,"href":"https:\/\/obscom.intervozes.org.br\/index.php?rest_route=\/wp\/v2\/users\/1"}],"replies":[{"embeddable":true,"href":"https:\/\/obscom.intervozes.org.br\/index.php?rest_route=%2Fwp%2Fv2%2Fcomments&post=22469"}],"version-history":[{"count":0,"href":"https:\/\/obscom.intervozes.org.br\/index.php?rest_route=\/wp\/v2\/posts\/22469\/revisions"}],"wp:attachment":[{"href":"https:\/\/obscom.intervozes.org.br\/index.php?rest_route=%2Fwp%2Fv2%2Fmedia&parent=22469"}],"wp:term":[{"taxonomy":"category","embeddable":true,"href":"https:\/\/obscom.intervozes.org.br\/index.php?rest_route=%2Fwp%2Fv2%2Fcategories&post=22469"},{"taxonomy":"post_tag","embeddable":true,"href":"https:\/\/obscom.intervozes.org.br\/index.php?rest_route=%2Fwp%2Fv2%2Ftags&post=22469"}],"curies":[{"name":"wp","href":"https:\/\/api.w.org\/{rel}","templated":true}]}}