{"id":22467,"date":"2009-02-04T18:37:21","date_gmt":"2009-02-04T18:37:21","guid":{"rendered":"https:\/\/obscom.intervozes.org.br\/wordpress\/?p=22467"},"modified":"2009-02-04T18:37:21","modified_gmt":"2009-02-04T18:37:21","slug":"frente-parlamentar-da-radiodifusao-adere-a-conferencia-de-comunicacao","status":"publish","type":"post","link":"https:\/\/obscom.intervozes.org.br\/?p=22467","title":{"rendered":"Frente Parlamentar da Radiodifus\u00e3o adere \u00e0 Confer\u00eancia de Comunica\u00e7\u00e3o"},"content":{"rendered":"<p>   \t \t \t \t \t<!-- \t\t@page { margin: 2cm } \t\tP { margin-bottom: 0.21cm } \t--> \t  <\/p>\n<p style=\"margin-bottom: 0cm\" class=\"western padrao\"><u><strong>Reproduzido do TelaViva News<\/strong><\/u><\/p>\n<p>O presidente da Frente Parlamentar Mista da Radiodifus&atilde;o, deputado Paulo Bornhausen (DEM-SC), acertou com o ministro das Comunica&ccedil;&otilde;es, H&eacute;lio Costa, a participa&ccedil;&atilde;o dos parlamentares no processo de organiza&ccedil;&atilde;o de todas as etapas da 1&ordf; Confer&ecirc;ncia Nacional de Comunica&ccedil;&atilde;o, agendada inicialmente para ocorrer de 1&ordm; a 3 de dezembro. O acordo foi selado na manh&atilde; desta quarta-feira (4), e o Minicom planeja que o primeiro encontro com os parlamentares para discutir a atua&ccedil;&atilde;o da frente ocorra j&aacute; na pr&oacute;xima semana.<\/p>\n<p>A id&eacute;ia da Frente Parlamentar &eacute; atuar em todas as fases da confer&ecirc;ncia, incluindo as rodadas preparat&oacute;rias nos estados. A agenda das reuni&otilde;es preparat&oacute;rias ainda n&atilde;o foi organizada, mas o governo quer que elas comecem ainda neste semestre. Lan&ccedil;ada em 2 de maio de 2007, a frente &eacute; voltada para o debate sobre pol&iacute;ticas p&uacute;blicas com foco no est&iacute;mulo da radiodifus&atilde;o nacional.  <\/p>\n","protected":false},"excerpt":{"rendered":"<p>Reproduzido do TelaViva News O presidente da Frente Parlamentar Mista da Radiodifus&atilde;o, deputado Paulo Bornhausen (DEM-SC), acertou com o ministro das Comunica&ccedil;&otilde;es, H&eacute;lio Costa, a participa&ccedil;&atilde;o dos parlamentares no processo de organiza&ccedil;&atilde;o de todas as etapas da 1&ordf; Confer&ecirc;ncia Nacional de Comunica&ccedil;&atilde;o, agendada inicialmente para ocorrer de 1&ordm; a 3 de dezembro. O acordo foi &hellip; <a href=\"https:\/\/obscom.intervozes.org.br\/?p=22467\" class=\"more-link\">Continue lendo <span class=\"screen-reader-text\">Frente Parlamentar da Radiodifus\u00e3o adere \u00e0 Confer\u00eancia de Comunica\u00e7\u00e3o<\/span> <span class=\"meta-nav\">&rarr;<\/span><\/a><\/p>\n","protected":false},"author":1,"featured_media":0,"comment_status":"open","ping_status":"open","sticky":false,"template":"","format":"standard","meta":{"footnotes":""},"categories":[39],"tags":[],"_links":{"self":[{"href":"https:\/\/obscom.intervozes.org.br\/index.php?rest_route=\/wp\/v2\/posts\/22467"}],"collection":[{"href":"https:\/\/obscom.intervozes.org.br\/index.php?rest_route=\/wp\/v2\/posts"}],"about":[{"href":"https:\/\/obscom.intervozes.org.br\/index.php?rest_route=\/wp\/v2\/types\/post"}],"author":[{"embeddable":true,"href":"https:\/\/obscom.intervozes.org.br\/index.php?rest_route=\/wp\/v2\/users\/1"}],"replies":[{"embeddable":true,"href":"https:\/\/obscom.intervozes.org.br\/index.php?rest_route=%2Fwp%2Fv2%2Fcomments&post=22467"}],"version-history":[{"count":0,"href":"https:\/\/obscom.intervozes.org.br\/index.php?rest_route=\/wp\/v2\/posts\/22467\/revisions"}],"wp:attachment":[{"href":"https:\/\/obscom.intervozes.org.br\/index.php?rest_route=%2Fwp%2Fv2%2Fmedia&parent=22467"}],"wp:term":[{"taxonomy":"category","embeddable":true,"href":"https:\/\/obscom.intervozes.org.br\/index.php?rest_route=%2Fwp%2Fv2%2Fcategories&post=22467"},{"taxonomy":"post_tag","embeddable":true,"href":"https:\/\/obscom.intervozes.org.br\/index.php?rest_route=%2Fwp%2Fv2%2Ftags&post=22467"}],"curies":[{"name":"wp","href":"https:\/\/api.w.org\/{rel}","templated":true}]}}