{"id":22464,"date":"2009-02-04T17:49:45","date_gmt":"2009-02-04T17:49:45","guid":{"rendered":"https:\/\/obscom.intervozes.org.br\/wordpress\/?p=22464"},"modified":"2009-02-04T17:49:45","modified_gmt":"2009-02-04T17:49:45","slug":"etapa-nacional-devera-ser-realizada-nos-dias-1-2-e-312","status":"publish","type":"post","link":"https:\/\/obscom.intervozes.org.br\/?p=22464","title":{"rendered":"Etapa nacional dever\u00e1 ser realizada nos dias 1, 2 e 3\/12"},"content":{"rendered":"<p>   \t \t \t \t \t<!-- \t\t@page { margin: 2cm } \t\tP { margin-bottom: 0.21cm } \t--> \t  <\/p>\n<p style=\"margin-bottom: 0cm; font-style: normal\" class=\"western padrao\">O calend&aacute;rio para a realiza&ccedil;&atilde;o da primeira Confer&ecirc;ncia Nacional de Comunica&ccedil;&atilde;o foi praticamente definido ontem (3), em reuni&atilde;o realizada entre representantes do Executivo, do Congresso Nacional e de entidades da Comiss&atilde;o Pr&oacute;-Confer&ecirc;ncia Nacional de Comunica&ccedil;&atilde;o. A etapa final da confer&ecirc;ncia ocorrer&aacute; nos dias 1, 2 e 3 de dezembro.<\/p>\n<p>J&aacute; as etapas municipais da confer&ecirc;ncia seriam realizadas at&eacute; 22 de junho, deixando o per&iacute;odo entre 30 de junho e 15 de setembro para a realiza&ccedil;&atilde;o das confer&ecirc;ncias estaduais. Nestas &uacute;ltimas, s&atilde;o eleitos os delegados e delegadas que participam da etapa nacional com direito a voto, al&eacute;m da defini&ccedil;&atilde;o das propostas que ser&atilde;o apreciadas em dezembro.<\/p>\n<p>Apesar de estar acertada entre os participantes da reuni&atilde;o, a agenda definitiva da confer&ecirc;ncia s&oacute; ser&aacute; confirmada com a publica&ccedil;&atilde;o do Decreto Presidencial que a convoca. Ap&oacute;s a reuni&atilde;o de ontem, os representantes da Casa Civil, Andr&eacute; Barbosa, e do Minist&eacute;rio das Comunica&ccedil;&otilde;es, Marcelo Bechara, deram declara&ccedil;&otilde;es confirmando a data da etapa nacional.<\/p>\n<p>Para a publica&ccedil;&atilde;o do decreto, estaria faltando a defini&ccedil;&atilde;o de um lema ou tem&aacute;tica central para Confer&ecirc;ncia Nacional de Comunica&ccedil;&atilde;o. As entidades que fazem parte da Comiss&atilde;o Pr&oacute;-Confer&ecirc;ncia devem apresentar uma sugest&atilde;o ainda esta semana, ap&oacute;s plen&aacute;ria convocada para a sexta-feira (6).<\/p>\n<p>Na plen&aacute;ria, a comiss&atilde;o dever&aacute; tamb&eacute;m definir sua proposta para a composi&ccedil;&atilde;o do Grupo de Trabalho que tradicionalmente &eacute; montado no in&iacute;cio dos processos de confer&ecirc;ncias nacionais, para dirigir os trabalhos de prepara&ccedil;&atilde;o e organiza&ccedil;&atilde;o. Em geral, tais GT&#39;s contam com representa&ccedil;&otilde;es proporcionais dos setores envolvidos com o tema central da confer&ecirc;ncia, no caso, a comunica&ccedil;&atilde;o.<\/p>\n<p>Esta composi&ccedil;&atilde;o ainda ter&aacute; de ser discutida com o governo e ser&aacute; oficializada atrav&eacute;s da Portaria Ministerial que regulamenta o decreto de convoca&ccedil;&atilde;o. A portaria ficar&aacute; a cargo do Minist&eacute;rio das Comunica&ccedil;&otilde;es, mas a reuni&atilde;o de ontem definiu a data de 16 de fevereiro como prazo limite para sua edi&ccedil;&atilde;o. Com isso, espera-se que o decreto convocat&oacute;rio seja publicado na pr&oacute;xima semana.<\/p>\n<p>Al&eacute;m de representantes de dez entidades nacionais que fazem parte da Comiss&atilde;o Pr&oacute;-Confer&ecirc;ncia, tamb&eacute;m participaram da reuni&atilde;o a deputada federal Luiza Erundina (PSB-SP), representando a Comiss&atilde;o de Legisla&ccedil;&atilde;o Participativa da C&acirc;mara dos Deputados; Jeronimo Guedes, representando o mandato do deputado Walter Pinheiro (PT-BA); M&aacute;rcio Ara&uacute;jo, representando a Comiss&atilde;o de Direitos Humanos e Minorias (CDHM) e Luiz Li&ntilde;ares, pela Comiss&atilde;o de Ci&ecirc;ncia e Tecnologia, Comunica&ccedil;&atilde;o e Inform&aacute;tica (CCTCI).<\/p>\n<p>Pelo governo, al&eacute;m de Barbosa e Bechara, estiveram presentes o secret&aacute;rio Nacional de Articula&ccedil;&atilde;o Social da Presid&ecirc;ncia, Gerson Luiz de Almeida Silva; Diogo Santana, assessor da Casa Civil e Sylvio Kelsen Coelho, assessor da Secretaria de Comunica&ccedil;&atilde;o Social.<\/p>\n","protected":false},"excerpt":{"rendered":"<p>Reuni\u00e3o entre representantes do Executivo, Legislativo e da Comiss\u00e3o Pr\u00f3-Confer\u00eancia apontou calend\u00e1rio para a primeira edi\u00e7\u00e3o da Confer\u00eancia Nacional, que deve ser confirmado pelo decreto de convoca\u00e7\u00e3o<\/p>\n","protected":false},"author":1,"featured_media":0,"comment_status":"open","ping_status":"open","sticky":false,"template":"","format":"standard","meta":{"footnotes":""},"categories":[40],"tags":[570],"_links":{"self":[{"href":"https:\/\/obscom.intervozes.org.br\/index.php?rest_route=\/wp\/v2\/posts\/22464"}],"collection":[{"href":"https:\/\/obscom.intervozes.org.br\/index.php?rest_route=\/wp\/v2\/posts"}],"about":[{"href":"https:\/\/obscom.intervozes.org.br\/index.php?rest_route=\/wp\/v2\/types\/post"}],"author":[{"embeddable":true,"href":"https:\/\/obscom.intervozes.org.br\/index.php?rest_route=\/wp\/v2\/users\/1"}],"replies":[{"embeddable":true,"href":"https:\/\/obscom.intervozes.org.br\/index.php?rest_route=%2Fwp%2Fv2%2Fcomments&post=22464"}],"version-history":[{"count":0,"href":"https:\/\/obscom.intervozes.org.br\/index.php?rest_route=\/wp\/v2\/posts\/22464\/revisions"}],"wp:attachment":[{"href":"https:\/\/obscom.intervozes.org.br\/index.php?rest_route=%2Fwp%2Fv2%2Fmedia&parent=22464"}],"wp:term":[{"taxonomy":"category","embeddable":true,"href":"https:\/\/obscom.intervozes.org.br\/index.php?rest_route=%2Fwp%2Fv2%2Fcategories&post=22464"},{"taxonomy":"post_tag","embeddable":true,"href":"https:\/\/obscom.intervozes.org.br\/index.php?rest_route=%2Fwp%2Fv2%2Ftags&post=22464"}],"curies":[{"name":"wp","href":"https:\/\/api.w.org\/{rel}","templated":true}]}}