{"id":22462,"date":"2009-02-03T14:24:00","date_gmt":"2009-02-03T14:24:00","guid":{"rendered":"https:\/\/obscom.intervozes.org.br\/wordpress\/?p=22462"},"modified":"2009-02-03T14:24:00","modified_gmt":"2009-02-03T14:24:00","slug":"presidente-da-telefonica-quer-aprovacao-antes-de-anatel-mudar-regras-de-tv-a-cabo","status":"publish","type":"post","link":"https:\/\/obscom.intervozes.org.br\/?p=22462","title":{"rendered":"Presidente da Telef\u00f4nica quer aprova\u00e7\u00e3o antes de Anatel mudar regras de TV a cabo"},"content":{"rendered":"<p>   \t \t \t \t \t<!-- \t\t@page { margin: 2cm } \t\tP { margin-bottom: 0.21cm } \t--> \t  <\/p>\n<p style=\"margin-bottom: 0cm\" class=\"western padrao\">O presidente da Telef&ocirc;nica no Brasil, Ant&ocirc;nio Carlos Valente, acredita que o projeto de lei que libera o ingresso das teles no mercado de TV paga (o PL-29) ser&aacute; votado ainda este semestre pelo Congresso Nacional. O seu otimismo, argumenta, se deve ao fato de o acordo entre os setores envolvidos &ndash; radiodifusores, produtores de conte&uacute;do nacional e operadoras de telecom- estar praticamente fechado. &ldquo;O projeto est&aacute; em discuss&atilde;o h&aacute; dois anos e ele &eacute; bom para todos&rdquo;, afirmou. <\/p>\n<p>Para ele, o melhor &eacute; que o projeto de lei seja votado em bloco &ndash; conforme a proposta original do ex-deputado Jorge Bittar (PT-RJ), com cl&aacute;usulas de prote&ccedil;&atilde;o ao conte&uacute;do audiovisual nacional, ao inv&eacute;s de ser fatiado. &ldquo;O acordo se d&aacute; em torno de todos os temas&rdquo;, defende.<\/p>\n<p>Valente entende que a Ag&ecirc;ncia Nacional de Telecomunica&ccedil;&otilde;es (Anatel) deveria esperar pela aprova&ccedil;&atilde;o do novo projeto de lei antes de propor mudan&ccedil;as nas regras de licita&ccedil;&atilde;o de licen&ccedil;as de TV a cabo. &ldquo;O cen&aacute;rio ideal &eacute; ter o projeto aprovado, pois ele demandar&aacute;, inclusive, mudan&ccedil;as nos atuais contratos de concess&atilde;o&rdquo;, completou.<\/p>\n<p><strong>IPTV<\/strong><\/p>\n<p>Enquanto o Congresso n&atilde;o muda as regras, a Telef&ocirc;nica e suas subsidi&aacute;rias continuam a avan&ccedil;ar no mercado de distribui&ccedil;&atilde;o de conte&uacute;do audiovisual pelos caminhos poss&iacute;veis. Em junho, anunciou Valente, a TVA lan&ccedil;a em S&atilde;o Paulo o IPTV. O novo servi&ccedil;o ir&aacute; oferecer os canais de TV aberta e de v&iacute;deo on demand. <\/p>\n<p>Ele defendeu ainda a manuten&ccedil;&atilde;o de toda a faixa de 2,5 GHz para as operadoras de TV paga por MMDS (que inclui a TVA, cuja proposta de renova&ccedil;&atilde;o das outorgas por mais 15 anos est&aacute; em consulta p&uacute;blica pela Anatel). &ldquo;Se no dia de hoje o MMDS e o WiMAX podem levar banda larga e v&iacute;deo para cidades brasileiras que n&atilde;o t&ecirc;m nenhum servi&ccedil;o, por que segurar essa oferta em fun&ccedil;&atilde;o de um neg&oacute;cio que s&oacute; ir&aacute; se viabilizar dentro de 5 a 10 anos?&rdquo;, indaga.<\/p>\n","protected":false},"excerpt":{"rendered":"<p>O presidente da Telef&ocirc;nica no Brasil, Ant&ocirc;nio Carlos Valente, acredita que o projeto de lei que libera o ingresso das teles no mercado de TV paga (o PL-29) ser&aacute; votado ainda este semestre pelo Congresso Nacional. O seu otimismo, argumenta, se deve ao fato de o acordo entre os setores envolvidos &ndash; radiodifusores, produtores de &hellip; <a href=\"https:\/\/obscom.intervozes.org.br\/?p=22462\" class=\"more-link\">Continue lendo <span class=\"screen-reader-text\">Presidente da Telef\u00f4nica quer aprova\u00e7\u00e3o antes de Anatel mudar regras de TV a cabo<\/span> <span class=\"meta-nav\">&rarr;<\/span><\/a><\/p>\n","protected":false},"author":1,"featured_media":0,"comment_status":"open","ping_status":"open","sticky":false,"template":"","format":"standard","meta":{"footnotes":""},"categories":[40],"tags":[556],"_links":{"self":[{"href":"https:\/\/obscom.intervozes.org.br\/index.php?rest_route=\/wp\/v2\/posts\/22462"}],"collection":[{"href":"https:\/\/obscom.intervozes.org.br\/index.php?rest_route=\/wp\/v2\/posts"}],"about":[{"href":"https:\/\/obscom.intervozes.org.br\/index.php?rest_route=\/wp\/v2\/types\/post"}],"author":[{"embeddable":true,"href":"https:\/\/obscom.intervozes.org.br\/index.php?rest_route=\/wp\/v2\/users\/1"}],"replies":[{"embeddable":true,"href":"https:\/\/obscom.intervozes.org.br\/index.php?rest_route=%2Fwp%2Fv2%2Fcomments&post=22462"}],"version-history":[{"count":0,"href":"https:\/\/obscom.intervozes.org.br\/index.php?rest_route=\/wp\/v2\/posts\/22462\/revisions"}],"wp:attachment":[{"href":"https:\/\/obscom.intervozes.org.br\/index.php?rest_route=%2Fwp%2Fv2%2Fmedia&parent=22462"}],"wp:term":[{"taxonomy":"category","embeddable":true,"href":"https:\/\/obscom.intervozes.org.br\/index.php?rest_route=%2Fwp%2Fv2%2Fcategories&post=22462"},{"taxonomy":"post_tag","embeddable":true,"href":"https:\/\/obscom.intervozes.org.br\/index.php?rest_route=%2Fwp%2Fv2%2Ftags&post=22462"}],"curies":[{"name":"wp","href":"https:\/\/api.w.org\/{rel}","templated":true}]}}