{"id":22461,"date":"2009-02-03T14:21:11","date_gmt":"2009-02-03T14:21:11","guid":{"rendered":"https:\/\/obscom.intervozes.org.br\/wordpress\/?p=22461"},"modified":"2009-02-03T14:21:11","modified_gmt":"2009-02-03T14:21:11","slug":"comeca-disputa-por-comissoes-da-area-de-comunicacao-no-congresso","status":"publish","type":"post","link":"https:\/\/obscom.intervozes.org.br\/?p=22461","title":{"rendered":"Come\u00e7a disputa por comiss\u00f5es da \u00e1rea de comunica\u00e7\u00e3o no Congresso"},"content":{"rendered":"<p>   \t \t \t \t \t<!-- \t\t@page { margin: 2cm } \t\tP { margin-bottom: 0.21cm } \t--> \t  <\/p>\n<p style=\"margin-bottom: 0cm\" class=\"western padrao\">A elei&ccedil;&atilde;o dos presidentes da C&acirc;mara e do Senado abre a temporada de negocia&ccedil;&otilde;es pelo controle das comiss&otilde;es tem&aacute;ticas nas duas casas. As escolhas de Michel Temer e Jos&eacute; Sarney (respectivamente) dirigem o destino das comiss&otilde;es relacionadas ao setor de comunica&ccedil;&atilde;o. <\/p>\n<p>Na C&acirc;mara, a elei&ccedil;&atilde;o de Temer (PMDB-SP) afasta a possibilidade de a Comiss&atilde;o de Ci&ecirc;ncia e Tecnologia, Comunica&ccedil;&atilde;o e Inform&aacute;tica (CCTCI) ser &ldquo;fatiada&rdquo;. A divis&atilde;o da comiss&atilde;o em duas, gerando mais cargos para serem distribu&iacute;dos, foi recha&ccedil;ada por Temer durante sua campanha. <\/p>\n<p>O regimento permite que as comiss&otilde;es estejam formadas a partir da realiza&ccedil;&atilde;o de cinco sess&otilde;es ordin&aacute;rias, o que deve acontecer em duas semanas. Mas a mistura entre calend&aacute;rio do carnaval e ritmo de negocia&ccedil;&otilde;es faz com que presid&ecirc;ncia da CCTCI permane&ccedil;a em disputa at&eacute; mar&ccedil;o. <\/p>\n<p>No Senado, o PSDB faz for&ccedil;a para controlar a Comiss&atilde;o de Acompanhamento Econ&ocirc;mico (CAE). Seria uma forma de o partido do senador Tasso Jereissati, irm&atilde;o de Carlos Jereissati, um dos acionistas da Oi, manter as chances de intervir nos processos ligados &agrave; fus&atilde;o com a Brasil Telecom.<\/p>\n<p><em>Com informa&ccedil;&otilde;es do TeleTime News.<\/em><\/p>\n","protected":false},"excerpt":{"rendered":"<p>A elei&ccedil;&atilde;o dos presidentes da C&acirc;mara e do Senado abre a temporada de negocia&ccedil;&otilde;es pelo controle das comiss&otilde;es tem&aacute;ticas nas duas casas. As escolhas de Michel Temer e Jos&eacute; Sarney (respectivamente) dirigem o destino das comiss&otilde;es relacionadas ao setor de comunica&ccedil;&atilde;o. Na C&acirc;mara, a elei&ccedil;&atilde;o de Temer (PMDB-SP) afasta a possibilidade de a Comiss&atilde;o de &hellip; <a href=\"https:\/\/obscom.intervozes.org.br\/?p=22461\" class=\"more-link\">Continue lendo <span class=\"screen-reader-text\">Come\u00e7a disputa por comiss\u00f5es da \u00e1rea de comunica\u00e7\u00e3o no Congresso<\/span> <span class=\"meta-nav\">&rarr;<\/span><\/a><\/p>\n","protected":false},"author":1,"featured_media":0,"comment_status":"open","ping_status":"open","sticky":false,"template":"","format":"standard","meta":{"footnotes":""},"categories":[39],"tags":[],"_links":{"self":[{"href":"https:\/\/obscom.intervozes.org.br\/index.php?rest_route=\/wp\/v2\/posts\/22461"}],"collection":[{"href":"https:\/\/obscom.intervozes.org.br\/index.php?rest_route=\/wp\/v2\/posts"}],"about":[{"href":"https:\/\/obscom.intervozes.org.br\/index.php?rest_route=\/wp\/v2\/types\/post"}],"author":[{"embeddable":true,"href":"https:\/\/obscom.intervozes.org.br\/index.php?rest_route=\/wp\/v2\/users\/1"}],"replies":[{"embeddable":true,"href":"https:\/\/obscom.intervozes.org.br\/index.php?rest_route=%2Fwp%2Fv2%2Fcomments&post=22461"}],"version-history":[{"count":0,"href":"https:\/\/obscom.intervozes.org.br\/index.php?rest_route=\/wp\/v2\/posts\/22461\/revisions"}],"wp:attachment":[{"href":"https:\/\/obscom.intervozes.org.br\/index.php?rest_route=%2Fwp%2Fv2%2Fmedia&parent=22461"}],"wp:term":[{"taxonomy":"category","embeddable":true,"href":"https:\/\/obscom.intervozes.org.br\/index.php?rest_route=%2Fwp%2Fv2%2Fcategories&post=22461"},{"taxonomy":"post_tag","embeddable":true,"href":"https:\/\/obscom.intervozes.org.br\/index.php?rest_route=%2Fwp%2Fv2%2Ftags&post=22461"}],"curies":[{"name":"wp","href":"https:\/\/api.w.org\/{rel}","templated":true}]}}