{"id":22459,"date":"2009-02-03T14:02:06","date_gmt":"2009-02-03T14:02:06","guid":{"rendered":"https:\/\/obscom.intervozes.org.br\/wordpress\/?p=22459"},"modified":"2009-02-03T14:02:06","modified_gmt":"2009-02-03T14:02:06","slug":"imperio-fortalecido-na-america-latina-pela-compra-de-radios-e-tvs","status":"publish","type":"post","link":"https:\/\/obscom.intervozes.org.br\/?p=22459","title":{"rendered":"Imp\u00e9rio fortalecido na Am\u00e9rica Latina pela compra de r\u00e1dios e TVs"},"content":{"rendered":"<p>   \t \t \t \t \t<!-- \t\t@page { margin: 2cm } \t\tP { margin-bottom: 0.21cm } \t--> \t   <\/p>\n<p style=\"margin-bottom: 0cm\" class=\"western padrao\"><em>[Esta reportagem &eacute; publicada simultaneamente pelos jornais que comp&otilde;em o GDA (Grupo de Diarios Am&eacute;rica): La Naci&oacute;n (Argentina), El Mercurio (Chile), El Tiempo (Col&ocirc;mbia), La Naci&oacute;n (Costa Rica), El Comercio (Equador), El Universal (M&eacute;xico), El Comercio (Peru), El Nuevo D&iacute;a (Porto Rico), El Pa&iacute;s (Uruguai), El Nacional (Venezuela) e O Globo (Brasil)]<\/em><\/p>\n<p>O r&aacute;dio foi o primeiro meio de comunica&ccedil;&atilde;o usado pela Igreja Universal para alavancar sua expans&atilde;o pela Am&eacute;rica Latina. Como fez no Brasil, ao dar os seus primeiros passos, quando alugava espa&ccedil;os nas programa&ccedil;&otilde;es radiof&ocirc;nicas no final dos anos 70, a Universal deu in&iacute;cio ao seu imp&eacute;rio multinacional em 1999, na Argentina, com a compra de uma emissora de r&aacute;dio.<\/p>\n<p>Por meio de Ricardo Cis, seu representante no pa&iacute;s, a igreja comprou a r&aacute;dio Buenos Aires (AM 1350) por US$ 15 milh&otilde;es.<\/p>\n<p>No momento de declarar a compra por esse valor, a rela&ccedil;&atilde;o de bens de Cis &ndash; que nasceu em Bah&iacute;a Blanca, Argentina, e trabalhou com comunica&ccedil;&atilde;o no Brasil &ndash; era de 28.834 pesos. Posteriormente, declarou &agrave; Asociaci&oacute;n Fiscal de Ingresos P&uacute;blicos (AFIP) que tinha, no pa&iacute;s, 8.173.559 pesos, o que n&atilde;o atingia o valor da r&aacute;dio.<\/p>\n<p>Desde ent&atilde;o, a Universal tem se dispersado territorialmente na Am&eacute;rica Latina com a combina&ccedil;&atilde;o de dois fatores: o estabelecimento de templos nas principais cidades, principalmente nas &aacute;reas mais pobres, e forte presen&ccedil;a nos meios de comunica&ccedil;&atilde;o, com canais pr&oacute;prios ou aluguel de espa&ccedil;os.<\/p>\n<p>Na Argentina, a igreja tamb&eacute;m publica um jornal gratuito, chamado <em>El Universal<\/em>, que, na edi&ccedil;&atilde;o de 2 de novembro do ano passado, indicava 186.950 exemplares.<\/p>\n<p>Al&eacute;m da R&aacute;dio Buenos Aires, a Universal tamb&eacute;m possui, na capital, a r&aacute;dio FM 106.3 MHz, que transmite seus programas 24 horas por dia.<\/p>\n<p>A exemplo do que faz no Brasil, em seus programas, a Universal promove a &quot;Terapia do Amor&quot;, na qual casais buscam solu&ccedil;&otilde;es para seus problemas sentimentais. Um aviso estimula: &quot;Receba, na Terapia do Amor, as un&ccedil;&otilde;es com as ess&ecirc;ncias arom&aacute;ticas nos &uacute;ltimos nove s&aacute;bados do ano&quot;, diz o apresentador.<\/p>\n<p>A igreja lan&ccedil;a campanhas constantemente; por exemplo, em 9 de novembro, promoveu uma jornada de seis domingos &quot;pela transforma&ccedil;&atilde;o da fam&iacute;lia&quot;.<\/p>\n<p style=\"margin-bottom: 0cm\" class=\"western padrao\">Para tanto, transmite o &quot;Programa da fam&iacute;lia&quot; todos os dias, de segunda a sexta-feira, das 7h &agrave;s 8h e de 0h a 1h, por um canal de not&iacute;cias a cabo, o Am&eacute;rica 24, e por canais abertos, que tamb&eacute;m podem ser vistos por outras duas grandes redes a cabo.<\/p>\n<p>Em novembro passado, na abertura desse ciclo de &quot;transforma&ccedil;&atilde;o&quot;, no qual 1.500 pessoas lotaram o Templo da F&eacute;, tr&ecirc;s c&acirc;meras da organiza&ccedil;&atilde;o, uma delas instalada sobre um guindaste, filmavam tudo.<\/p>\n<p>No Uruguai, o processo de ocupa&ccedil;&atilde;o da m&iacute;dia aconteceu na mesma &eacute;poca. Se os fi&eacute;is eram poucos no in&iacute;cio, quando os pastores atravessaram a fronteira nos anos 90, o ano 2000 marca a ruptura em rela&ccedil;&atilde;o &agrave; popularidade da igreja. A partir da&iacute;, a Universal come&ccedil;ou a ter seu pr&oacute;prio espa&ccedil;o televisivo e maior oferta de servi&ccedil;os religiosos.<\/p>\n<p>Em 2001, j&aacute; contava com 14 igrejas. Os &uacute;ltimos dados s&atilde;o de 16 no interior e seis em Montevid&eacute;u, al&eacute;m de 28 locais de ora&ccedil;&atilde;o chamados de anexos.<\/p>\n<p><strong>Doa&ccedil;&otilde;es para fazer jornal<\/strong><\/p>\n<p>O primeiro passo foi a compra de meia hora no Canal 12 (um dos tr&ecirc;s canais abertos privados da capital), logo ap&oacute;s o fim do notici&aacute;rio da meia-noite, al&eacute;m de espa&ccedil;os no r&aacute;dio. A partir de 2003, dois programas de TV nacionais passaram a divulgar testemunhos e imagens que reproduzem basicamente o que acontece nos templos. Atualmente, a Igreja tem espa&ccedil;os no Canal 10, Canal 12, Canal 4 e na r&aacute;dio Imparcial, 1090 AM.<\/p>\n<p>Os fi&eacute;is tamb&eacute;m se mant&ecirc;m em contato por meio de um programa na r&aacute;dio Continente, todos os dias, das 14h &agrave;s 19h, e pelo Canal 10, nas madrugadas a partir das 0h30, todos os dias, com exce&ccedil;&atilde;o dos s&aacute;bados.<\/p>\n<p>Na Col&ocirc;mbia, a igreja tem um espa&ccedil;o televisivo arrendado no Canal Uno, de propriedade do Estado, veiculado de segunda a sexta-feira, &agrave;s 11h e &agrave;s 23h30m; e, aos s&aacute;bados, &agrave;s 23h. O programa se chama &quot;Centro de Ajuda Espiritual&quot; e, al&eacute;m de ser uma extens&atilde;o dos cultos do templo, oferece assessoria para que pessoas se libertem de &quot;enfermidades, desgra&ccedil;as e m&aacute; sorte&quot;.<\/p>\n<p>Esse espa&ccedil;o &eacute; conhecido popularmente como &quot;o programa dos crist&atilde;os brasileiros&quot;.<\/p>\n<p>A equipe de comunica&ccedil;&atilde;o produz pe&ccedil;as publicit&aacute;rias sobre novenas e campanhas, assim como programas de r&aacute;dio e edita um jornal. Durante os cultos, &eacute; comum o pastor avisar que, na sa&iacute;da, cada pessoa receber&aacute; um jornal. Um envelope estar&aacute; colado a ele para que, quando voltem, o tragam com sua doa&ccedil;&atilde;o para manter o jornal. O pastor argumenta que &eacute; uma forma de massificar a f&eacute;.<\/p>\n<p>O crescimento no M&eacute;xico foi refor&ccedil;ado por sua presen&ccedil;a em meios eletr&ocirc;nicos, principalmente no Distrito Federal e na zona metropolitana do Valle de M&eacute;xico, Michoac&aacute;n, Cuernavaca, M&eacute;rida e outras cidades de Yucat&aacute;n, Toluca, Monterrey, Puebla, Guadalajara, Le&oacute;n, Tijuana, Veracruz e Culiac&aacute;n. A Universal est&aacute; presente nos sistemas Sky e Cablevisi&oacute;n, por meio do canal 4 da Televisa. <\/p>\n<p>No Equador, al&eacute;m de contar com seus locais de ora&ccedil;&atilde;o (at&eacute; 1999, 15 templos por todo o pa&iacute;s) e de receber dinheiro de seus seguidores, um programa de televis&atilde;o noturno &eacute; retransmitido, no pa&iacute;s, pela TC Televisi&oacute;n.<\/p>\n<p>Nos oito pa&iacute;ses onde foi feita esta reportagem, dirigentes da Universal foram procurados e n&atilde;o quiseram dar entrevista. No Brasil, o presidente da Universal, Jer&ocirc;nimo Alves, foi procurado e n&atilde;o se pronunciou.<\/p>\n<p><strong>*** <\/p>\n<p>O crescimento na Am&eacute;rica Latina <br \/><\/strong><br \/>COSTA RICA<br \/>Na Costa Rica, a Igreja celebra cultos na sua sede nacional e em outros cinco locais alugados no centro de San Jos&eacute;, no populoso e popular Cant&oacute;n de Desamparados e nas capitais das prov&iacute;ncias de Cartago, Alajuela, Lim&oacute;n e Guanacaste. Tamb&eacute;m oferece cultos em sal&otilde;es comunit&aacute;rios de outras seis &aacute;reas urbanas e rurais, na maioria povoamentos pobres. Aluga hor&aacute;rios em r&aacute;dios e TVs.<\/p>\n<p>M&Eacute;XICO<br \/>A Igreja Universal chegou ao M&eacute;xico h&aacute; 14 anos como uma organiza&ccedil;&atilde;o civil. Em apenas tr&ecirc;s anos, aumentou o n&uacute;mero de santu&aacute;rios, ou &quot;endere&ccedil;os da felicidade&quot;, como s&atilde;o chamados, de 48 para 86 em todo o pa&iacute;s. Est&atilde;o situados nas cidades mais importantes (19 im&oacute;veis, que funcionavam como cinemas, servem de santu&aacute;rios e outros tr&ecirc;s foram teatros). Aluga hor&aacute;rios em r&aacute;dios e TVs.<\/p>\n<p>COL&Ocirc;MBIA<br \/>A Universal possui 62 sedes em todo o pa&iacute;s. Em Bogot&aacute;, al&eacute;m do gigantesco templo principal, situado no bairro Restrepo, h&aacute; outros 21 em diferentes pontos da cidade, principalmente em &aacute;reas populares. Aluga hor&aacute;rios em r&aacute;dios e TVs.<\/p>\n<p>ARGENTINA<br \/>Na capital, a Igreja Universal tem oito templos; na prov&iacute;ncia de Buenos Aires, 73; e no interior do pa&iacute;s, outros 79, que destacam na sua entrada o lema &quot;Jesus Cristo &eacute; o Senhor&quot;. H&aacute;, ainda, mais 20 templos em outras localidades menores. A igreja tem duas emissoras de r&aacute;dio e aluga hor&aacute;rios nas emissoras de TV.<\/p>\n<p>BRASIL<br \/>Fundada em 1977 por Edir Macedo, a Igreja Universal conta com 23 emissoras de TV e 40 de r&aacute;dio. Tem cerca de 4.500 templos (uma m&eacute;dia de 10 novos por m&ecirc;s). &Eacute; a terceira maior denomina&ccedil;&atilde;o neopentecostal do pa&iacute;s, com 11,85% do total (quase 8 milh&otilde;es de fi&eacute;is). De acordo com a pr&oacute;pria igreja, seu patrim&ocirc;nio em 1995 era estimado em US$ 400 milh&otilde;es.<\/p>\n<p>URUGUAI<br \/>Em Montevid&eacute;u, a igreja conta com 14 pastores consagrados. Sua sede central fica no pr&eacute;dio do antigo cinema Trocadero. Tamb&eacute;m est&aacute; presente nos departamentos de Artigas, Canelones, Cerro Largo, Colonia, Durazno, Paysand&uacute;, San Jos&eacute;, Maldonado, Rivera, Tacuaremb&oacute; e Salto.<\/p>\n<p><em>* Reportagem de Fernan Cisnero, do El Pa&iacute;s (Uruguai); Claudio Gaete Hermosilla, do El Nuevo D&iacute;a (Porto Rico); Lissette Cardona, do El Nacional (Venezuela); Jos&eacute; Alberto Mojica Pati&ntilde;o, do El Tiempo (Col&ocirc;mbia); Mauricio Herrera, do La Naci&oacute;n (Costa Rica); Natalia G&oacute;mez Quintero, do El Universal (M&eacute;xico); Jorge Rouillon, do La Naci&oacute;n (Argentina); Ana Minga, do El Comercio (Equador) e Chico Otavio, de O Globo.<\/em><\/p>\n","protected":false},"excerpt":{"rendered":"<p>[Esta reportagem &eacute; publicada simultaneamente pelos jornais que comp&otilde;em o GDA (Grupo de Diarios Am&eacute;rica): La Naci&oacute;n (Argentina), El Mercurio (Chile), El Tiempo (Col&ocirc;mbia), La Naci&oacute;n (Costa Rica), El Comercio (Equador), El Universal (M&eacute;xico), El Comercio (Peru), El Nuevo D&iacute;a (Porto Rico), El Pa&iacute;s (Uruguai), El Nacional (Venezuela) e O Globo (Brasil)] O r&aacute;dio foi &hellip; <a href=\"https:\/\/obscom.intervozes.org.br\/?p=22459\" class=\"more-link\">Continue lendo <span class=\"screen-reader-text\">Imp\u00e9rio fortalecido na Am\u00e9rica Latina pela compra de r\u00e1dios e TVs<\/span> <span class=\"meta-nav\">&rarr;<\/span><\/a><\/p>\n","protected":false},"author":1,"featured_media":0,"comment_status":"open","ping_status":"open","sticky":false,"template":"","format":"standard","meta":{"footnotes":""},"categories":[40],"tags":[961],"_links":{"self":[{"href":"https:\/\/obscom.intervozes.org.br\/index.php?rest_route=\/wp\/v2\/posts\/22459"}],"collection":[{"href":"https:\/\/obscom.intervozes.org.br\/index.php?rest_route=\/wp\/v2\/posts"}],"about":[{"href":"https:\/\/obscom.intervozes.org.br\/index.php?rest_route=\/wp\/v2\/types\/post"}],"author":[{"embeddable":true,"href":"https:\/\/obscom.intervozes.org.br\/index.php?rest_route=\/wp\/v2\/users\/1"}],"replies":[{"embeddable":true,"href":"https:\/\/obscom.intervozes.org.br\/index.php?rest_route=%2Fwp%2Fv2%2Fcomments&post=22459"}],"version-history":[{"count":0,"href":"https:\/\/obscom.intervozes.org.br\/index.php?rest_route=\/wp\/v2\/posts\/22459\/revisions"}],"wp:attachment":[{"href":"https:\/\/obscom.intervozes.org.br\/index.php?rest_route=%2Fwp%2Fv2%2Fmedia&parent=22459"}],"wp:term":[{"taxonomy":"category","embeddable":true,"href":"https:\/\/obscom.intervozes.org.br\/index.php?rest_route=%2Fwp%2Fv2%2Fcategories&post=22459"},{"taxonomy":"post_tag","embeddable":true,"href":"https:\/\/obscom.intervozes.org.br\/index.php?rest_route=%2Fwp%2Fv2%2Ftags&post=22459"}],"curies":[{"name":"wp","href":"https:\/\/api.w.org\/{rel}","templated":true}]}}