{"id":22457,"date":"2009-02-03T13:51:34","date_gmt":"2009-02-03T13:51:34","guid":{"rendered":"https:\/\/obscom.intervozes.org.br\/wordpress\/?p=22457"},"modified":"2009-02-03T13:51:34","modified_gmt":"2009-02-03T13:51:34","slug":"fazer-comunicacao-apos-o-fsm","status":"publish","type":"post","link":"https:\/\/obscom.intervozes.org.br\/?p=22457","title":{"rendered":"Fazer comunica\u00e7\u00e3o ap\u00f3s o FSM"},"content":{"rendered":"<p>   \t \t \t \t \t<!-- \t\t@page { margin: 2cm } \t\tP { margin-bottom: 0.21cm } \t--> \t  <\/p>\n<p style=\"margin-bottom: 0cm\" class=\"western padrao\">Nas semanas anteriores ao F&oacute;rum Social Mundial, v&aacute;rias r&aacute;dios comunit&aacute;rias foram fechadas em Bel&eacute;m. Estes eram um dos poucos meios de comunica&ccedil;&atilde;o que estavam transmitindo uma vis&atilde;o do evento que iam al&eacute;m do festivo-tur&iacute;stico. Todas elas estavam transmitindo desde a UFPA para toda Bel&eacute;m, no espa&ccedil;o de Comunica&ccedil;&atilde;o Compartilhada do F&oacute;rum de R&aacute;dios.<\/p>\n<p>Durante o FSM, foi anunciado que o Executivo Federal far&aacute; a convoca&ccedil;&atilde;o 1&ordf; Confer&ecirc;ncia Nacional das Comunica&ccedil;&otilde;es. Logo ap&oacute;s o an&uacute;ncio, mais de 200 pessoas estiveram presentes na plen&aacute;ria promovida pela Comiss&atilde;o Pr&oacute;-Confer&ecirc;ncia Nacional de Comunica&ccedil;&atilde;o, j&aacute; come&ccedil;ando a organizar a sociedade civil no processo. As falas deste espa&ccedil;o apontaram a necessidade de organiza&ccedil;&atilde;o popular nas etapas estaduais. <\/p>\n<p>Sem falar na restri&ccedil;&atilde;o de movimenta&ccedil;&atilde;o nos espa&ccedil;os. Que o diga a comunidade de Terra Firme, vizinha onde estavam acontecendo grande parte das atividades do F&oacute;rum. E que n&atilde;o tinha os R$ 30 necess&aacute;rios para se credenciar no evento.<\/p>\n<p>Este tr&ecirc;s fatos, entre muitos, mostram como os desafios da vida real s&atilde;o marcantes na luta pelo direito a comunica&ccedil;&atilde;o. <\/p>\n<p>Mesmo dentro do f&oacute;rum, esta perspectiva entra em choque com uma realidade existente de verticaliza&ccedil;&atilde;o, restri&ccedil;&atilde;o e criminaliza&ccedil;&atilde;o de uso dos meios, conseq&uuml;&ecirc;ncias do sistema comunica&ccedil;&otilde;es existente no Brasil. O que nos imp&otilde;e, citando Marcos Dantas [1], desafios de &quot;fomentar, fortalecer, consolidar os sistemas n&atilde;o-comerciais de comunica&ccedil;&otilde;es, as publica&ccedil;&otilde;es, emissoras, portais, s&iacute;tios ou blogs que prestem servi&ccedil;o ao p&uacute;blico, na sua diversidade, n&atilde;o sendo e n&atilde;o podendo, por isto, serem sustentados por an&uacute;ncios publicit&aacute;rios, nem servirem &agrave; ideologia do mercado.&quot;<\/p>\n<p>O F&oacute;rum aceitou este desafio, produzindo sua pr&oacute;pria informa&ccedil;&atilde;o atrav&eacute;s da Comunica&ccedil;&atilde;o Compartilhada. Neste espa&ccedil;o mostrou-se na pr&aacute;tica como &eacute; poss&iacute;vel produzir comunica&ccedil;&atilde;o contra-hegem&ocirc;nica atrav&eacute;s de audiovisual, r&aacute;dio comunit&aacute;ria e not&iacute;cias escritas. O que para alguns foi uma continuidade do que se tem no cotidiano, para outros foi aprendizado. O que pode estimular que os seus participantes construam seus pr&oacute;prios meios de comunica&ccedil;&atilde;o, com suas pr&oacute;prias formas de distribui&ccedil;&atilde;o, quando voltarem para seus lares. <\/p>\n<p>Al&eacute;m disso, tivemos excelentes espa&ccedil;os de reflex&atilde;o sobre comunica&ccedil;&atilde;o. Espa&ccedil;os que raramente existem na din&acirc;mica da luta concreta. Seja pela falta de tempo que nos imp&otilde;em a batalha di&aacute;ria, seja pela pr&oacute;pria ontologia do F&oacute;rum apontar para este momento reflexivo. E que tamb&eacute;m ajudaram na forma&ccedil;&atilde;o destes sujeitos comunicadores. <\/p>\n<p>As diversas trocas de experi&ecirc;ncias realizadas devem apontar para a constru&ccedil;&atilde;o e organiza&ccedil;&atilde;o de uma nova realidade, onde se horizontaliza a possibilidade de uso da comunica&ccedil;&atilde;o. Nosso desafio p&oacute;s Bel&eacute;m-2009 &eacute; superarmos as dificuldades deste uso, algumas registradas no come&ccedil;o do texto. E quem n&atilde;o pode estar neste espa&ccedil;o receba um pouco do que foi constru&iacute;do nestes seis dias.<\/p>\n<p>Afinal, se uma outra comunica&ccedil;&atilde;o &eacute; poss&iacute;vel, ela n&atilde;o deve ser apenas para quem sempre teve o microfone.<\/p>\n<p><em>* Marcelo Arruda &eacute; radialista comunit&aacute;rio e membro do Intervozes &ndash; Coletivo Brasil de Comunica&ccedil;&atilde;o Social.<\/em><\/p>\n<p><em>[1] http:\/\/www.cartamaior.com.br\/templates\/colunaMostrar.cfm?coluna_id=4134<\/em><\/p>\n<p style=\"margin-bottom: 0cm\" class=\"western\"><span class=\"padrao\"><br \/><\/span> <\/p>\n","protected":false},"excerpt":{"rendered":"<p>Nas semanas anteriores ao F&oacute;rum Social Mundial, v&aacute;rias r&aacute;dios comunit&aacute;rias foram fechadas em Bel&eacute;m. Estes eram um dos poucos meios de comunica&ccedil;&atilde;o que estavam transmitindo uma vis&atilde;o do evento que iam al&eacute;m do festivo-tur&iacute;stico. Todas elas estavam transmitindo desde a UFPA para toda Bel&eacute;m, no espa&ccedil;o de Comunica&ccedil;&atilde;o Compartilhada do F&oacute;rum de R&aacute;dios. Durante o &hellip; <a href=\"https:\/\/obscom.intervozes.org.br\/?p=22457\" class=\"more-link\">Continue lendo <span class=\"screen-reader-text\">Fazer comunica\u00e7\u00e3o ap\u00f3s o FSM<\/span> <span class=\"meta-nav\">&rarr;<\/span><\/a><\/p>\n","protected":false},"author":1,"featured_media":0,"comment_status":"open","ping_status":"open","sticky":false,"template":"","format":"standard","meta":{"footnotes":""},"categories":[42],"tags":[363],"_links":{"self":[{"href":"https:\/\/obscom.intervozes.org.br\/index.php?rest_route=\/wp\/v2\/posts\/22457"}],"collection":[{"href":"https:\/\/obscom.intervozes.org.br\/index.php?rest_route=\/wp\/v2\/posts"}],"about":[{"href":"https:\/\/obscom.intervozes.org.br\/index.php?rest_route=\/wp\/v2\/types\/post"}],"author":[{"embeddable":true,"href":"https:\/\/obscom.intervozes.org.br\/index.php?rest_route=\/wp\/v2\/users\/1"}],"replies":[{"embeddable":true,"href":"https:\/\/obscom.intervozes.org.br\/index.php?rest_route=%2Fwp%2Fv2%2Fcomments&post=22457"}],"version-history":[{"count":0,"href":"https:\/\/obscom.intervozes.org.br\/index.php?rest_route=\/wp\/v2\/posts\/22457\/revisions"}],"wp:attachment":[{"href":"https:\/\/obscom.intervozes.org.br\/index.php?rest_route=%2Fwp%2Fv2%2Fmedia&parent=22457"}],"wp:term":[{"taxonomy":"category","embeddable":true,"href":"https:\/\/obscom.intervozes.org.br\/index.php?rest_route=%2Fwp%2Fv2%2Fcategories&post=22457"},{"taxonomy":"post_tag","embeddable":true,"href":"https:\/\/obscom.intervozes.org.br\/index.php?rest_route=%2Fwp%2Fv2%2Ftags&post=22457"}],"curies":[{"name":"wp","href":"https:\/\/api.w.org\/{rel}","templated":true}]}}