{"id":22455,"date":"2009-02-02T21:15:34","date_gmt":"2009-02-02T21:15:34","guid":{"rendered":"https:\/\/obscom.intervozes.org.br\/wordpress\/?p=22455"},"modified":"2009-02-02T21:15:34","modified_gmt":"2009-02-02T21:15:34","slug":"band-planeja-co-producoes-com-independentes-e-apresenta-programacao-2009","status":"publish","type":"post","link":"https:\/\/obscom.intervozes.org.br\/?p=22455","title":{"rendered":"Band planeja co-produ\u00e7\u00f5es com independentes e apresenta programa\u00e7\u00e3o 2009"},"content":{"rendered":"<p> \t<!-- \t\t@page { margin: 2cm } \t\tP { margin-bottom: 0.21cm } \t--> \t <\/p>\n<p style=\"margin-bottom: 0cm\" class=\"western padrao\"><a name=\"11f38c52fa300a7b_11f3779e5f9c7979_m13070\" title=\"11f38c52fa300a7b_11f3779e5f9c7979_m13070\"><\/a>A Band prepara para 2009 tr&ecirc;s projetos em co-produ&ccedil;&atilde;o com produtoras independentes brasileiras. A informa&ccedil;&atilde;o foi fornecida a este notici&aacute;rio pelo vice-presidente do Grupo Bandeirantes Marcelo Meira, durante apresenta&ccedil;&atilde;o da nova grade de programa&ccedil;&atilde;o ao mercado publicit&aacute;rio e &agrave; imprensa nesta quarta-feira (28), em S&atilde;o Paulo. Um dos projetos a ser co-produzido com independentes ser&aacute; de dramaturgia, provavelmente uma miniss&eacute;rie; outro ser&aacute; da &aacute;rea cultural, que deve ter in&iacute;cio em junho deste ano e se prolongar at&eacute; junho de 2010; e um &uacute;ltimo &eacute; uma s&eacute;rie de document&aacute;rios.<\/p>\n<p>Segundo o vice-presidente, a id&eacute;ia &eacute; que se utilizem recursos dos artigos 1&deg;A e do 3&deg;A da Lei do Audiovisual, este &uacute;ltimo autoriza canais de TV, aberta ou por assinatura, a investirem 70% do imposto devido sobre a remessa de recursos enviados ao exterior na co-produ&ccedil;&atilde;o de obras audiovisuais brasileiras de produ&ccedil;&atilde;o independente. &quot;H&aacute; um grupo de trabalho na emissora , formado por nossos pr&oacute;prios executivos, que estuda este mecanismo, para entend&ecirc;-lo melhor. Dentro do poss&iacute;vel, vamos utiliz&aacute;-lo para essas produ&ccedil;&otilde;es&quot;, conta Meira.<\/p>\n<p>Al&eacute;m desses tr&ecirc;s projetos, h&aacute; dois reality shows em co-produ&ccedil;&atilde;o com a argentina Cuatro Cabezas: &quot;E24&quot;, sobre a rotina nas salas de emerg&ecirc;ncia de hospitais p&uacute;blicos; e &quot;A Liga&quot;, com jornalistas incorporando personagens inusitados.<\/p>\n<p>N&atilde;o h&aacute; novelas previstas para este ano na emissora, embora o in&iacute;cio de uma produ&ccedil;&atilde;o n&atilde;o esteja descartada. &quot;Acredito que n&atilde;o chegaremos a colocar no ar uma novela este ano, mas o projeto de teledramaturgia n&atilde;o foi abandonado&quot;, diz a diretora de produ&ccedil;&atilde;o e art&iacute;stico, Elizabetta Zenatti.<\/p>\n<p><strong>Crescimento<\/strong><\/p>\n<p>A perspectiva de crescimento da Band para 2009 &eacute; otimista: 8% em rela&ccedil;&atilde;o ao ano anterior, segundo Meira. O diretor executivo comercial da emissora, Marcelo Mainardi, conta que mais de 50% das receitas previstas para 2009 j&aacute; est&atilde;o na casa. &quot;Os eventos &#39;Band Folia&#39; e &#39;F&oacute;rmula Indy&#39; e o humor&iacute;stico &#39;CQC&#39; j&aacute; est&atilde;o com 100% de suas cotas vendidas&quot;, diz.<\/p>\n<p>Sem eventos esportivos fortes este ano, a Band aposta na Copa do Mundo de 2010, para a qual sublicenciou os direitos para TV aberta. O vice-presidente diz que o grupo pretende tamb&eacute;m adquirir os direitos para transmiss&atilde;o em seu canal a cabo, Band Sports. Segundo Mainardi, para a exibi&ccedil;&atilde;o do evento, que ser&aacute; transmitido totalmente em HD, h&aacute; duas cotas de patroc&iacute;nio bem encaminhadas. No total, s&atilde;o cinco cotas em rede e uma local.<\/p>\n<p><strong>Programa&ccedil;&atilde;o<\/strong><\/p>\n<p>Em meio a interven&ccedil;&otilde;es do elenco do &quot;CQC&quot;, para animar a plat&eacute;ia formada por publicit&aacute;rios, anunciantes e jornalistas, a Band apresentou as novidades de sua grade de programa&ccedil;&atilde;o para 2009. Entre as novas atra&ccedil;&otilde;es est&atilde;o os reality shows; o programa de variedades de Adriane Galisteu; um programa de debates com Silvia Poppovic; e um novo matinal de variedades. O futebol tamb&eacute;m tem destaque em 2009, com os Campeonatos Paulista e Carioca, Copa do Brasil, Campeonato Brasileiro, Copa Sul-Americana, Copa das Confedera&ccedil;&otilde;es, Copa do Mundo Sub-17 e Sub-20, Copa do Mundo Beach Soccer e Eliminat&oacute;rias Sul-Americanas para a Copa do Mundo de 2010, que tamb&eacute;m ser&aacute; exibida pela Band.  <\/p>\n","protected":false},"excerpt":{"rendered":"<p>A Band prepara para 2009 tr&ecirc;s projetos em co-produ&ccedil;&atilde;o com produtoras independentes brasileiras. A informa&ccedil;&atilde;o foi fornecida a este notici&aacute;rio pelo vice-presidente do Grupo Bandeirantes Marcelo Meira, durante apresenta&ccedil;&atilde;o da nova grade de programa&ccedil;&atilde;o ao mercado publicit&aacute;rio e &agrave; imprensa nesta quarta-feira (28), em S&atilde;o Paulo. Um dos projetos a ser co-produzido com independentes ser&aacute; &hellip; <a href=\"https:\/\/obscom.intervozes.org.br\/?p=22455\" class=\"more-link\">Continue lendo <span class=\"screen-reader-text\">Band planeja co-produ\u00e7\u00f5es com independentes e apresenta programa\u00e7\u00e3o 2009<\/span> <span class=\"meta-nav\">&rarr;<\/span><\/a><\/p>\n","protected":false},"author":1,"featured_media":0,"comment_status":"open","ping_status":"open","sticky":false,"template":"","format":"standard","meta":{"footnotes":""},"categories":[40],"tags":[960],"_links":{"self":[{"href":"https:\/\/obscom.intervozes.org.br\/index.php?rest_route=\/wp\/v2\/posts\/22455"}],"collection":[{"href":"https:\/\/obscom.intervozes.org.br\/index.php?rest_route=\/wp\/v2\/posts"}],"about":[{"href":"https:\/\/obscom.intervozes.org.br\/index.php?rest_route=\/wp\/v2\/types\/post"}],"author":[{"embeddable":true,"href":"https:\/\/obscom.intervozes.org.br\/index.php?rest_route=\/wp\/v2\/users\/1"}],"replies":[{"embeddable":true,"href":"https:\/\/obscom.intervozes.org.br\/index.php?rest_route=%2Fwp%2Fv2%2Fcomments&post=22455"}],"version-history":[{"count":0,"href":"https:\/\/obscom.intervozes.org.br\/index.php?rest_route=\/wp\/v2\/posts\/22455\/revisions"}],"wp:attachment":[{"href":"https:\/\/obscom.intervozes.org.br\/index.php?rest_route=%2Fwp%2Fv2%2Fmedia&parent=22455"}],"wp:term":[{"taxonomy":"category","embeddable":true,"href":"https:\/\/obscom.intervozes.org.br\/index.php?rest_route=%2Fwp%2Fv2%2Fcategories&post=22455"},{"taxonomy":"post_tag","embeddable":true,"href":"https:\/\/obscom.intervozes.org.br\/index.php?rest_route=%2Fwp%2Fv2%2Ftags&post=22455"}],"curies":[{"name":"wp","href":"https:\/\/api.w.org\/{rel}","templated":true}]}}