{"id":22450,"date":"2009-02-02T12:13:53","date_gmt":"2009-02-02T12:13:53","guid":{"rendered":"https:\/\/obscom.intervozes.org.br\/wordpress\/?p=22450"},"modified":"2009-02-02T12:13:53","modified_gmt":"2009-02-02T12:13:53","slug":"midias-publicas-do-brasil-devem-aproveitar-experiencias-internacionais","status":"publish","type":"post","link":"https:\/\/obscom.intervozes.org.br\/?p=22450","title":{"rendered":"M\u00eddias p\u00fablicas do Brasil devem aproveitar experi\u00eancias internacionais"},"content":{"rendered":"<p><span class=\"padrao\">Em diversos pa&iacute;ses do mundo, o sistema p&uacute;blico de comunica&ccedil;&atilde;o &eacute; uma modalidade de m&iacute;dia consolidada e desenvolvida. Nestas experi&ecirc;ncias, passou-se j&aacute; pelos dilemas hoje em curso no Brasil, como a garantia de autonomia, a amplia&ccedil;&atilde;o da participa&ccedil;&atilde;o no sistema geral de comunica&ccedil;&atilde;o ou a sustenta&ccedil;&atilde;o das emissoras. Os modelos resultantes do enfrentamento destas quest&otilde;es e as solu&ccedil;&otilde;es adotadas devem ser olhadas neste momento de reformula&ccedil;&atilde;o da realidade da comunica&ccedil;&atilde;o p&uacute;blica no pa&iacute;s.<\/p>\n<p>Esta foi o foco do debate &quot;Sistemas p&uacute;blicos de comunica&ccedil;&atilde;o&quot;, promovido pelo Intervozes &ndash; Coletivo Brasil de Comunica&ccedil;&atilde;o Social na quinta-feira (29) no F&oacute;rum Social Mundial. Na atividade, foram apresentados e comentados os resultados da pesquisa sobre esta modalidade de m&iacute;dia em 12 pa&iacute;ses do mundo realizada pelo coletivo. O estudo ser&aacute; publicado na forma de livro em mar&ccedil;o deste ano. Foram convidados Jonas Valente, do Intervozes, Tereza Cruvinel, presidente da Empresa Brasil de Comunica&ccedil;&atilde;o (EBC), e Paulo Miranda, da Associa&ccedil;&atilde;o Brasileira de Canais Comunit&aacute;rios (Abccom).<\/p>\n<p>Jonas Valente, que representou a equipe autora do estudo, fez um panorama do funcionamento dos sistemas p&uacute;blicos de comunica&ccedil;&atilde;o e apontou experi&ecirc;ncias que poderiam ser adotadas no pa&iacute;s. No plano da gest&atilde;o, defendeu a composi&ccedil;&atilde;o de conselhos por segmentos da sociedade, ao inv&eacute;s da arquitetura brasileira com a indica&ccedil;&atilde;o dos membros pelo Presidente da Rep&uacute;blica.<\/p>\n<p>Valente tamb&eacute;m destacou os casos de pa&iacute;ses como Reino Unido, Fran&ccedil;a e It&aacute;lia, que tamb&eacute;m mant&ecirc;m outros instrumentos de participa&ccedil;&atilde;o da popula&ccedil;&atilde;o, como comit&ecirc;s de usu&aacute;rios, conselhos de jornalismo com a presen&ccedil;a dos dirgentes e trabalhadores das corpora&ccedil;&otilde;es, ouvidorias e consultas e audi&ecirc;ncias p&uacute;blicas. &quot;Na Fran&ccedil;a, h&aacute; um corpo de &#39;mediadores&#39; respons&aacute;vel por rodar o pa&iacute;s realizando audi&ecirc;ncias para colher a opini&atilde;o da popula&ccedil;&atilde;o&quot;, relatou. <\/p>\n<p>Convidada para a mesa de debates, Tereza Cruvinel, presidente da Empresa Brasil de Comunica&ccedil;&atilde;o (EBC), endossou que &eacute; importante criar mecanismos de participa&ccedil;&atilde;o, mas lembrou que hoje a empresa j&aacute; est&aacute; submetida a diversos processos de controle, como o Conselho Curador, o Tribunal de Contas da Uni&atilde;o, a Secretaria de Controle Interno da Presid&ecirc;ncia da Rep&uacute;blica, as comiss&otilde;es de Ci&ecirc;ncia, Tecnologia e Comunica&ccedil;&atilde;o da C&acirc;mara dos Deputados e do Senado Federal.<\/p>\n<p>Sobre o Conselho Curador, a presidente da EBC destacou que, na sua primeira renova&ccedil;&atilde;o, haver&aacute; uma consulta p&uacute;blica junto a segmentos da sociedade sobre os novos integrantes da inst&acirc;ncia. Jo&atilde;o Brant, do Intervozes, criticou o &quot;secretismo&quot; do conselho pelo fato deste n&atilde;o tornar p&uacute;blicos seus debates e atas. &quot;Eu mesma j&aacute; fui l&aacute; cobrar que o Conselho seja mais aberto, mas acho um grande avan&ccedil;o ter uma empresa<br \/>com esses espa&ccedil;os&quot;, respondeu Cruvinel. <\/p>\n<p>Orlando Guilhon, superintendente de r&aacute;dio da EBC, acrescentou alguns outros mecanismos de contato com o p&uacute;blico que julgou fundamentais para a empresa e para qualquer iniciativa de comunica&ccedil;&atilde;o p&uacute;blica: centros de atendimento ao p&uacute;blico, que incluam n&atilde;o s&oacute; ouvidorias, mas tamb&eacute;m visitas guiadas e atendimento a qualquer demanda de informa&ccedil;&atilde;o da popula&ccedil;&atilde;o; pesquisas de opini&atilde;o, quantitativas e qualitativas; e uma gest&atilde;o interna democr&aacute;tica que envolva os trabalhadores, al&eacute;m de controles externos como a Confer&ecirc;ncia Nacional de Comunica&ccedil;&atilde;o, a Campanha pela &Eacute;tica na TV e o Conselho de Comunica&ccedil;&atilde;o Social.<\/p>\n<p>Choque de qualidade<\/p>\n<p>Jonas Valente tamb&eacute;m destacou os modelos de programa&ccedil;&atilde;o como um aspecto positivo das experi&ecirc;ncias internacionais que poderiam servir de exemplo ao Brasil. Estes modelos s&atilde;o marcados pelo foco na pluralidade, diversidade, reflex&atilde;o e educa&ccedil;&atilde;o. &quot;Boa parte dos pa&iacute;ses consegue fazer uma programa&ccedil;&atilde;o diferenciada, que mostra a pluralidade e diversidade de seus territ&oacute;rios e discute seus problemas, mas sem se limitar a uma posi&ccedil;&atilde;o marginal, competindo de fato pelas audi&ecirc;ncias. Por mais que o Brasil n&atilde;o tenha um legado hist&oacute;rico como na Europa, temos que buscar este objetivo&quot;, defendeu.<\/p>\n<p>A presidente da EBC respondeu dizendo que, apesar da montagem da grade de programa&ccedil;&atilde;o da TV Brasil ser baseada nestes princ&iacute;pios, a prioridade da emissora para este ano ser&aacute; dar um &quot;choque de qualidade&quot; na grade. &quot;A programa&ccedil;&atilde;o de uma TV p&uacute;blica tem que ser diferente, tem que trazer a diversidade, tem que educar e provocar as pessoas, mas n&atilde;o precisa ser chata&quot;, disse.<\/p>\n<p>Valente ponderou que os casos mais exitosos de aceita&ccedil;&atilde;o de programas por parte da popula&ccedil;&atilde;o desenvolveram-se institucionalizando a linha editorial. &quot;Para que os programas possam concretizar os princ&iacute;pios da<br \/>comunica&ccedil;&atilde;o p&uacute;blica, precisam ter diretrizes e uma linha clara e institucionalizada, para al&eacute;m das vontades de seus diretores. Isso permite tamb&eacute;m que a popula&ccedil;&atilde;o tenha par&acirc;metros para avaliar os conte&uacute;dos.&quot;<\/p>\n<p>Financiamento<\/p>\n<p>As experi&ecirc;ncias internacionais tamb&eacute;m t&ecirc;m muito a ensinar sobre as quest&otilde;es do financiamento e das pol&iacute;ticas de sustentabilidade destas estruturas de m&iacute;dia p&uacute;blica. Segundo o representante do Intervozes, o estudo concluiu que a autonomia pol&iacute;tica e operacional dos sistemas p&uacute;blicos est&aacute; relacionada &agrave; garantia de um financiamento est&aacute;vel e protegido dos humores dos governantes de plant&atilde;o. Ele citou os modelos europeus, que em sua maioria taxam os cidad&atilde;os, mas ponderou que, frente &agrave; dificuldade de aplicar tal solu&ccedil;&atilde;o no Brasil, seria v&aacute;lido adotar mecanismos como fundos alimentados por verbas or&ccedil;ament&aacute;rias. A taxa&ccedil;&atilde;o das opera&ccedil;&otilde;es comerciais de m&iacute;dia, como as receitas das emissoras comerciais ou a comercializa&ccedil;&atilde;o de aparelhos, tamb&eacute;m poderia ser adotada no Brasil.<\/p>\n<p>Tereza Cruvinel assinalou ser &quot;imposs&iacute;vel&quot;, hoje, qualquer tentativa de taxa&ccedil;&atilde;o dos cidad&atilde;os. Mas refor&ccedil;ou que s&oacute; &eacute; poss&iacute;vel garantir fortes estruturas em condi&ccedil;&otilde;es de &quot;competir de fato com os sistemas comerciais&quot; com fortes receitas. Como exemplo das fragilidades criadas pela depend&ecirc;ncia de verbas or&ccedil;ament&aacute;rias, ela citou o corte de de cerca de R$ 80 milh&otilde;es no or&ccedil;amento da empresa, recuperada na forma de emendas parlamentares. Afirmou, no entanto, que uma das sa&iacute;das dever&aacute; ser a regulamenta&ccedil;&atilde;o da contribui&ccedil;&atilde;o para o desenvolvimento da m&iacute;dia p&uacute;blica, formada por recursos do Fundo de Fiscaliza&ccedil;&atilde;o das Telecomunica&ccedil;&otilde;es (Fistel), prevista para ainda este ano.<\/p>\n<p>Outro convidado para a mesa de debates, Paulo Miranda, da Associa&ccedil;&atilde;o Brasileira da Canais Comunit&aacute;rios (ABCCom), refor&ccedil;ou a necessidade de financiamento estatal, acrescentando que este n&atilde;o deve ir apenas para a EBC ou para as educativas estaduais, mas tamb&eacute;m para os meios comunit&aacute;rios. &quot;Nos Estados Unidos e no Canad&aacute;, h&aacute; fundos para a comunica&ccedil;&atilde;o comunit&aacute;ria. Precisamos replicar esta experi&ecirc;ncia aqui, pois sem verbas do Estado n&atilde;o conseguiremos fazer uma comunica&ccedil;&atilde;o p&uacute;blica de fato&quot;, assinalou.<\/span><\/p>\n","protected":false},"excerpt":{"rendered":"<p>Atividade realizada em Bel\u00e9m chama a aten\u00e7\u00e3o para medidas adotadas em v\u00e1rios pa\u00edses para garantir autonomia, participa\u00e7\u00e3o e audi\u00eancia aos ve\u00edculos que conformam os sistemas p\u00fablicos de comunica\u00e7\u00e3o<\/p>\n","protected":false},"author":1,"featured_media":0,"comment_status":"open","ping_status":"open","sticky":false,"template":"","format":"standard","meta":{"footnotes":""},"categories":[40],"tags":[954],"_links":{"self":[{"href":"https:\/\/obscom.intervozes.org.br\/index.php?rest_route=\/wp\/v2\/posts\/22450"}],"collection":[{"href":"https:\/\/obscom.intervozes.org.br\/index.php?rest_route=\/wp\/v2\/posts"}],"about":[{"href":"https:\/\/obscom.intervozes.org.br\/index.php?rest_route=\/wp\/v2\/types\/post"}],"author":[{"embeddable":true,"href":"https:\/\/obscom.intervozes.org.br\/index.php?rest_route=\/wp\/v2\/users\/1"}],"replies":[{"embeddable":true,"href":"https:\/\/obscom.intervozes.org.br\/index.php?rest_route=%2Fwp%2Fv2%2Fcomments&post=22450"}],"version-history":[{"count":0,"href":"https:\/\/obscom.intervozes.org.br\/index.php?rest_route=\/wp\/v2\/posts\/22450\/revisions"}],"wp:attachment":[{"href":"https:\/\/obscom.intervozes.org.br\/index.php?rest_route=%2Fwp%2Fv2%2Fmedia&parent=22450"}],"wp:term":[{"taxonomy":"category","embeddable":true,"href":"https:\/\/obscom.intervozes.org.br\/index.php?rest_route=%2Fwp%2Fv2%2Fcategories&post=22450"},{"taxonomy":"post_tag","embeddable":true,"href":"https:\/\/obscom.intervozes.org.br\/index.php?rest_route=%2Fwp%2Fv2%2Ftags&post=22450"}],"curies":[{"name":"wp","href":"https:\/\/api.w.org\/{rel}","templated":true}]}}