{"id":22449,"date":"2009-01-31T16:48:26","date_gmt":"2009-01-31T16:48:26","guid":{"rendered":"https:\/\/obscom.intervozes.org.br\/wordpress\/?p=22449"},"modified":"2014-09-07T02:58:06","modified_gmt":"2014-09-07T02:58:06","slug":"foco-de-entidades-do-campo-progressista-sera-a-mobilizacao","status":"publish","type":"post","link":"https:\/\/obscom.intervozes.org.br\/?p=22449","title":{"rendered":"Foco de entidades do campo progressista ser\u00e1 a mobiliza\u00e7\u00e3o"},"content":{"rendered":"<p> \t<!-- \t\t@page { margin: 2cm } \t\tP { margin-bottom: 0.21cm } \t--> \t    <\/p>\n<p style=\"margin-bottom: 0cm\" class=\"western padrao\">Se o F&oacute;rum Social Mundial ser&aacute; lembrado como palco do an&uacute;ncio do presidente Lula da realiza&ccedil;&atilde;o da 1&ordf; Confer&ecirc;ncia Nacional de Comunica&ccedil;&atilde;o [<a href=\"http:\/\/localhost\/intervozes_direitoacomunicacao\/wordpress\/?p=22448\">veja aqui<\/a> ], tamb&eacute;m pode ser encarado como o espa&ccedil;o que abrigou a primeira reuni&atilde;o de organiza&ccedil;&atilde;o da sociedade civil no processo, agora existente. Mais de 200 pessoas estiveram presentes na plen&aacute;ria promovida para debater a iniciativa nesta sexta-feira no campus da Universidade Federal do Par&aacute;, em Bel&eacute;m. <\/p>\n<p>O encontro j&aacute; estava marcado antes do an&uacute;ncio do presidente da Rep&uacute;blica, mas a partir deste ganhou car&aacute;ter de marco inicial do mutir&atilde;o de articula&ccedil;&atilde;o das entidades do campo progressista, identificadas com as bandeiras do direito humano &agrave; comunica&ccedil;&atilde;o e da democratiza&ccedil;&atilde;o da comunica&ccedil;&atilde;o, com vistas &agrave; participa&ccedil;&atilde;o no processo.<\/p>\n<p>Se foi n&iacute;tida a oscila&ccedil;&atilde;o entre o pessimismo e o otimismo em rela&ccedil;&atilde;o &agrave;s possibilidades da confer&ecirc;ncia e &agrave; atua&ccedil;&atilde;o do governo federal nela, uma reflex&atilde;o apareceu como t&ocirc;nica entre os presentes: o grau de abertura e democracia no processo e os avan&ccedil;os em suas resolu&ccedil;&otilde;es depender&aacute; fortemente da capacidade deste campo da sociedade civil de se organizar e pautar suas propostas ao longo das etapas estaduais e nacional.<\/p>\n<p>&quot;Obtivemos uma grande conquista ao conseguir fazer com que a confer&ecirc;ncia aconte&ccedil;a. Agora depende de n&oacute;s que ela produza os avan&ccedil;os necess&aacute;rios &agrave; mudan&ccedil;a deste quadro das comunica&ccedil;&otilde;es brasileiras&quot;, apontou Br&aacute;ulio Ribeiro, do Intervozes &ndash; Coletivo Brasil de Comunica&ccedil;&atilde;o Social. <\/p>\n<p>Na avalia&ccedil;&atilde;o de Rosane Bertotti, secret&aacute;ria de Comunica&ccedil;&atilde;o da Central &Uacute;nica dos Trabalhadores (CUT), para que isso aconte&ccedil;a &eacute; preciso que as entidades consigam combinar a amplia&ccedil;&atilde;o da mobiliza&ccedil;&atilde;o com a unidade nas propostas. &quot;O lado comprometido com a manuten&ccedil;&atilde;o da m&iacute;dia comercial vir&aacute; unido. N&oacute;s precisamos ter unidade entre n&oacute;s para impulsionarmos uma agenda de mudan&ccedil;as de modo a aprov&aacute;-la na Confer&ecirc;ncia&quot;, assinalou a sindicalista. <\/p>\n<p>O professor da PUC-Rio e integrante do F&oacute;rum de M&iacute;dia Livre Marcos Dantas refor&ccedil;ou o ponto de vista da representante da CUT, acrescentando que esta unidade deve se dar em torno de uma agenda com propostas qualificadas e concretas acerca de um novo ambiente para as comunica&ccedil;&otilde;es. &quot;Este an&uacute;ncio marca o in&iacute;cio de uma nova etapa na velha luta pela democratiza&ccedil;&atilde;o da comunica&ccedil;&atilde;o, travada desde 1985. Depois do fim da ditadura, vamos poder discutir, no contexto das novas tecnologias, um novo marco regulat&oacute;rio democr&aacute;tico&quot;.<\/p>\n<p><strong>Amplia&ccedil;&atilde;o estadual e setorial<\/strong><\/p>\n<p>Roseli Goffman, representante do Conselho Federal de Psicologia (CFP) e do F&oacute;rum Nacional pela Democratiza&ccedil;&atilde;o da Comunica&ccedil;&atilde;o (FNDC), destacou a necessidade de que esta amplia&ccedil;&atilde;o passe pela organiza&ccedil;&atilde;o do movimento nos estados. &quot;Precisamos que cada um de n&oacute;s volte para o seu estado e j&aacute; inicie as discuss&otilde;es sobre a confer&ecirc;ncia&quot;, sugeriu. <\/p>\n<p>Para Rachel Bragatto, integrante do Intervozes e do coletivo Soylocoporti, do Paran&aacute;, &eacute; preciso criar comit&ecirc;s estaduais de mobiliza&ccedil;&atilde;o para a confer&ecirc;ncia onde eles n&atilde;o existem e fortalec&ecirc;-los onde j&aacute; est&atilde;o em instalados. Orlando Guilhon, da Associa&ccedil;&atilde;o de R&aacute;dios P&uacute;blicas do Brasil (Arpub), tamb&eacute;m ressaltou o papel de organiza&ccedil;&atilde;o nos estados, lembrando que desde j&aacute; as entidades devem estabelecer di&aacute;logos com os governos estaduais para garantir que as etapas se d&ecirc;em da forma mais democr&aacute;tica poss&iacute;vel. <\/p>\n<p>Rachel acrescentou que a comunica&ccedil;&atilde;o n&atilde;o pode ser tratada como algo de especialistas, e defendeu que a amplia&ccedil;&atilde;o n&atilde;o seja apenas para os estados, mas tamb&eacute;m para outros setores que se preocupam com o tema mas n&atilde;o t&ecirc;m hist&oacute;rico de atua&ccedil;&atilde;o nele. &quot;No Paran&aacute;, estamos dialogando com educadores, sindicatos, entidades estudantis e movimentos campesinos. Acho que devemos chamar estes setores para estarem conosco neste processo&quot;, disse. <\/p>\n<p>Para isso, foi agendada uma videoconfer&ecirc;ncia ap&oacute;s o Carnaval. Este tipo de reuni&atilde;o, por permitir conectar assembl&eacute;ias legislativas de todo o pa&iacute;s por meio de um sistema eletr&ocirc;nico, j&aacute; seria um pontap&eacute; para trazer organiza&ccedil;&otilde;es e institui&ccedil;&otilde;es das mais diversas Unidades da Federa&ccedil;&atilde;o para a mobiliza&ccedil;&atilde;o. <\/p>\n<p><strong>Otimistas e pessimistas<\/strong><\/p>\n<p>Se foi fortemente consensual a import&acirc;ncia da mobiliza&ccedil;&atilde;o do campo progressista da sociedade civil, houve tons bem diferenciados quanto aos limites do processo e &agrave; participa&ccedil;&atilde;o do governo federal. &quot;Somos n&oacute;s que temos a responsabilidade de colocar a pauta da democratiza&ccedil;&atilde;o da comunica&ccedil;&atilde;o, porque sabemos que ela n&atilde;o vir&aacute; nem dos empres&aacute;rios nem dos governos estaduais e federal&quot;, afirmou Thiago Rodrigues, da Executiva Nacional dos Estudantes de Comunica&ccedil;&atilde;o. <\/p>\n<p>Josu&eacute; Lopes, da Associa&ccedil;&atilde;o Brasileira de R&aacute;dios Comunit&aacute;rias (Abra&ccedil;o), foi ainda mais reticente. &quot;Temos que ver este decreto de convoca&ccedil;&atilde;o da confer&ecirc;ncia. Em 2005 o governo afirmou que faria uma confer&ecirc;ncia de r&aacute;dio comunit&aacute;ria e n&atilde;o aconteceu. Caso ela [a confer&ecirc;ncia] saia, temos de ver como ser&aacute; a atua&ccedil;&atilde;o do governo com um minist&eacute;rio como o das Comunica&ccedil;&otilde;es. N&atilde;o tenho muitas ilus&otilde;es&quot;, disse.<\/p>\n<p><span>Se n&atilde;o chegou a formar uma polariza&ccedil;&atilde;o entre os presentes, estas diferen&ccedil;as demonstram a diversidade dos atores que dever&aacute; permear este campo da sociedade civil durante todo o processo da confer&ecirc;ncia. O que esta primeira plen&aacute;ria evidenciou foi a disposi&ccedil;&atilde;o de fazer estes interesses convergirem em uma atua&ccedil;&atilde;o com for&ccedil;a at&eacute; ent&atilde;o n&atilde;o acumulada pelo movimento de comunica&ccedil;&atilde;o. Resta saber se isso ser&aacute; suficiente para garantir avan&ccedil;os democr&aacute;ticos entre os resultados da conferencia.<\/span><\/p>\n","protected":false},"excerpt":{"rendered":"<p>Plen\u00e1ria convocada pela Comiss\u00e3o Pr\u00f3-Confer\u00eancia Nacional de Comunica\u00e7\u00e3o em Bel\u00e9m, durante o F\u00f3rum Social Mundial, tornou-se o primeiro momento de organiza\u00e7\u00e3o da interven\u00e7\u00e3o de organiza\u00e7\u00f5es e movimentos sociais no processo agora existente da confer\u00eancia<\/p>\n","protected":false},"author":1,"featured_media":0,"comment_status":"open","ping_status":"open","sticky":false,"template":"","format":"standard","meta":{"footnotes":""},"categories":[40],"tags":[570],"_links":{"self":[{"href":"https:\/\/obscom.intervozes.org.br\/index.php?rest_route=\/wp\/v2\/posts\/22449"}],"collection":[{"href":"https:\/\/obscom.intervozes.org.br\/index.php?rest_route=\/wp\/v2\/posts"}],"about":[{"href":"https:\/\/obscom.intervozes.org.br\/index.php?rest_route=\/wp\/v2\/types\/post"}],"author":[{"embeddable":true,"href":"https:\/\/obscom.intervozes.org.br\/index.php?rest_route=\/wp\/v2\/users\/1"}],"replies":[{"embeddable":true,"href":"https:\/\/obscom.intervozes.org.br\/index.php?rest_route=%2Fwp%2Fv2%2Fcomments&post=22449"}],"version-history":[{"count":1,"href":"https:\/\/obscom.intervozes.org.br\/index.php?rest_route=\/wp\/v2\/posts\/22449\/revisions"}],"predecessor-version":[{"id":28003,"href":"https:\/\/obscom.intervozes.org.br\/index.php?rest_route=\/wp\/v2\/posts\/22449\/revisions\/28003"}],"wp:attachment":[{"href":"https:\/\/obscom.intervozes.org.br\/index.php?rest_route=%2Fwp%2Fv2%2Fmedia&parent=22449"}],"wp:term":[{"taxonomy":"category","embeddable":true,"href":"https:\/\/obscom.intervozes.org.br\/index.php?rest_route=%2Fwp%2Fv2%2Fcategories&post=22449"},{"taxonomy":"post_tag","embeddable":true,"href":"https:\/\/obscom.intervozes.org.br\/index.php?rest_route=%2Fwp%2Fv2%2Ftags&post=22449"}],"curies":[{"name":"wp","href":"https:\/\/api.w.org\/{rel}","templated":true}]}}