{"id":22448,"date":"2009-01-30T20:16:30","date_gmt":"2009-01-30T20:16:30","guid":{"rendered":"https:\/\/obscom.intervozes.org.br\/wordpress\/?p=22448"},"modified":"2014-09-07T02:58:05","modified_gmt":"2014-09-07T02:58:05","slug":"lula-afirma-que-vai-realizar-conferencia-de-comunicacao","status":"publish","type":"post","link":"https:\/\/obscom.intervozes.org.br\/?p=22448","title":{"rendered":"Lula afirma que vai realizar Confer\u00eancia de Comunica\u00e7\u00e3o"},"content":{"rendered":"<p>   \t \t \t \t \t<!-- \t\t@page { margin: 2cm } \t\tP { margin-bottom: 0.21cm } \t--> \t  <\/p>\n<p style=\"margin-bottom: 0cm\" class=\"western padrao\">O presidente Luiz In&aacute;cio Lula da Silva confirmou hoje, em Bel&eacute;m, a realiza&ccedil;&atilde;o da I Confer&ecirc;ncia Nacional de Comunica&ccedil;&atilde;o. Em entrevista coletiva ap&oacute;s sua participa&ccedil;&atilde;o em atividades relacionadas ao F&oacute;rum Social Mundial o presidente afirmou que o governo vai realizar a confer&ecirc;ncia.<\/p>\n<p>&ldquo;O que n&oacute;s vamos fazer agora &eacute; uma grande confer&ecirc;ncia sobre comunica&ccedil;&atilde;o no Brasil&rdquo;, disse Lula, em resposta a pergunta sobre pol&iacute;ticas na &aacute;rea de comunica&ccedil;&atilde;o.<\/p>\n<p>O presidente, entretanto, n&atilde;o falou em datas. Mais cedo, no entanto, o ministro Luiz Dulci, da Secretaria-Geral da Presid&ecirc;ncia, havia citado a confer&ecirc;ncia de comunica&ccedil;&atilde;o entre as que ser&atilde;o realizadas este ano pelo governo federal. A Secretaria-Geral &eacute; respons&aacute;vel pela coordena&ccedil;&atilde;o dos espa&ccedil;os de participa&ccedil;&atilde;o direta do governo federal, inclusive as diversas confer&ecirc;ncias da &aacute;rea social.<\/p>\n<p>A realiza&ccedil;&atilde;o da I Confer&ecirc;ncia Nacional de Comunica&ccedil;&atilde;o &eacute; uma reivindica&ccedil;&atilde;o de diversas organiza&ccedil;&otilde;es e movimentos sociais. H&aacute; cerca de um ano e meio, um grupo de entidades e mais duas comiss&otilde;es permanentes da C&acirc;mara dos Deputados (a de Direitos Humanos e Minorias &ndash; CDHM &ndash; e a de Ci&ecirc;ncia e Tecnologia, Comunica&ccedil;&atilde;o e Inform&aacute;tica &ndash; CCTCI) criaram a Comiss&atilde;o Pr&oacute;-Confer&ecirc;ncia Nacional de Comunica&ccedil;&atilde;o. No in&iacute;cio de dezembro, a comiss&atilde;o apresentou ao Executivo a sua proposta para a convoca&ccedil;&atilde;o e organiza&ccedil;&atilde;o do processo [<a href=\"http:\/\/localhost\/intervozes_direitoacomunicacao\/wordpress\/?p=22207\">veja aqui<\/a> ].<\/p>\n<p>Desde ter&ccedil;a-feira, havia rumores de que a convoca&ccedil;&atilde;o da confer&ecirc;ncia teria sido acertada em reuni&atilde;o entre o ministro das Comunica&ccedil;&otilde;es, H&eacute;lio Costa, e o presidente Lula. A assessoria do minist&eacute;rio, por&eacute;m, n&atilde;o confirmou a informa&ccedil;&atilde;o, informando apenas que o ministro faria uma coletiva para tratar do tema.<\/p>\n<p>O site <em>Tele.S&iacute;ntese <\/em>informa que h&aacute; uma reuni&atilde;o marcada para 3 de fevereiro, no Pal&aacute;cio do Planalto, entre a Secretaria-Geral, a Casa Civil e o Minist&eacute;rio das Comunica&ccedil;&otilde;es para acertar detalhes do decreto presidencial que deve convocar a confer&ecirc;ncia. <\/p>\n<p>O decreto vai estabelecer a data de realiza&ccedil;&atilde;o da etapa nacional e definir o &oacute;rg&atilde;o de governo respons&aacute;vel pela execu&ccedil;&atilde;o da confer&ecirc;ncia. Considerando as experi&ecirc;ncias das demais confer&ecirc;ncias, o texto pode, ainda, estabelecer o formato das etapas preparat&oacute;rias, a tem&aacute;tica e os objetivos da confer&ecirc;ncia, al&eacute;m de definir tamb&eacute;m o grupo de trabalho respons&aacute;vel por coordenar o processo.<\/p>\n<p><em>* Colaborou Fl&aacute;vio Gon&ccedil;alves, para o Observat&oacute;rio do Direito &agrave; Comunica&ccedil;&atilde;o.<\/em><\/p>\n","protected":false},"excerpt":{"rendered":"<p>Em Bel\u00e9m, presidente diz que governo vai fazer &#8220;uma grande confer\u00eancia sobre comunica\u00e7\u00e3o no Brasil\u201d; Luiz Dulci incluiu a comunica\u00e7\u00e3o entre as \u00e1reas que t\u00eam confer\u00eancias previstas para este ano<\/p>\n","protected":false},"author":1,"featured_media":0,"comment_status":"open","ping_status":"open","sticky":false,"template":"","format":"standard","meta":{"footnotes":""},"categories":[40],"tags":[832],"_links":{"self":[{"href":"https:\/\/obscom.intervozes.org.br\/index.php?rest_route=\/wp\/v2\/posts\/22448"}],"collection":[{"href":"https:\/\/obscom.intervozes.org.br\/index.php?rest_route=\/wp\/v2\/posts"}],"about":[{"href":"https:\/\/obscom.intervozes.org.br\/index.php?rest_route=\/wp\/v2\/types\/post"}],"author":[{"embeddable":true,"href":"https:\/\/obscom.intervozes.org.br\/index.php?rest_route=\/wp\/v2\/users\/1"}],"replies":[{"embeddable":true,"href":"https:\/\/obscom.intervozes.org.br\/index.php?rest_route=%2Fwp%2Fv2%2Fcomments&post=22448"}],"version-history":[{"count":1,"href":"https:\/\/obscom.intervozes.org.br\/index.php?rest_route=\/wp\/v2\/posts\/22448\/revisions"}],"predecessor-version":[{"id":28002,"href":"https:\/\/obscom.intervozes.org.br\/index.php?rest_route=\/wp\/v2\/posts\/22448\/revisions\/28002"}],"wp:attachment":[{"href":"https:\/\/obscom.intervozes.org.br\/index.php?rest_route=%2Fwp%2Fv2%2Fmedia&parent=22448"}],"wp:term":[{"taxonomy":"category","embeddable":true,"href":"https:\/\/obscom.intervozes.org.br\/index.php?rest_route=%2Fwp%2Fv2%2Fcategories&post=22448"},{"taxonomy":"post_tag","embeddable":true,"href":"https:\/\/obscom.intervozes.org.br\/index.php?rest_route=%2Fwp%2Fv2%2Ftags&post=22448"}],"curies":[{"name":"wp","href":"https:\/\/api.w.org\/{rel}","templated":true}]}}