{"id":22447,"date":"2009-01-30T15:22:11","date_gmt":"2009-01-30T15:22:11","guid":{"rendered":"https:\/\/obscom.intervozes.org.br\/wordpress\/?p=22447"},"modified":"2009-01-30T15:22:11","modified_gmt":"2009-01-30T15:22:11","slug":"canais-abertos-devem-se-abrir-a-producao-independente","status":"publish","type":"post","link":"https:\/\/obscom.intervozes.org.br\/?p=22447","title":{"rendered":"Canais abertos devem se abrir \u00e0 produ\u00e7\u00e3o independente"},"content":{"rendered":"<p>   \t \t \t \t \t<!-- \t\t@page { margin: 2cm } \t\tP { margin-bottom: 0.21cm } \t--> \t  <\/p>\n<p style=\"margin-bottom: 0cm\" class=\"western padrao\">A TV aberta, contr&aacute;ria a projetos de lei que determinam cotas obrigat&oacute;rias de produ&ccedil;&atilde;o independente na programa&ccedil;&atilde;o, dever&aacute; agora se abrir mais a essas parcerias. Afinal, para isso, contar&aacute; com o benef&iacute;cio fiscal do novo artigo e n&atilde;o precisar&aacute; colocar a &quot;m&atilde;o no bolso&quot;.<\/p>\n<p>Manoel Rangel, diretor-presidente da Ancine, defende que o Estado abra m&atilde;o de parte da arrecada&ccedil;&atilde;o para &quot;transformar a cultura das redes, o que &eacute; complicado&quot;. &quot;&Eacute; assim em v&aacute;rios pa&iacute;ses. N&atilde;o tenho d&uacute;vida de que esse artigo, em alguns anos, n&atilde;o ser&aacute; essencial para a TV, que ver&aacute; que produ&ccedil;&atilde;o independente &eacute; bom neg&oacute;cio.&quot;<\/p>\n<p>Presidente da Associa&ccedil;&atilde;o Brasileira de Produtoras Independentes de Televis&atilde;o (ABPI-TV), Fernando Dias diz que sua expectativa &eacute; que aconte&ccedil;a &quot;um aumento grande da parceria de TVs&quot;.<\/p>\n<p>&quot;Estamos sentindo j&aacute; uma aproxima&ccedil;&atilde;o. Fizemos neste m&ecirc;s um evento com produtoras e tivemos a presen&ccedil;a de v&aacute;rios canais em busca de novos projetos&quot;, conta.<\/p>\n","protected":false},"excerpt":{"rendered":"<p>A TV aberta, contr&aacute;ria a projetos de lei que determinam cotas obrigat&oacute;rias de produ&ccedil;&atilde;o independente na programa&ccedil;&atilde;o, dever&aacute; agora se abrir mais a essas parcerias. Afinal, para isso, contar&aacute; com o benef&iacute;cio fiscal do novo artigo e n&atilde;o precisar&aacute; colocar a &quot;m&atilde;o no bolso&quot;. Manoel Rangel, diretor-presidente da Ancine, defende que o Estado abra m&atilde;o &hellip; <a href=\"https:\/\/obscom.intervozes.org.br\/?p=22447\" class=\"more-link\">Continue lendo <span class=\"screen-reader-text\">Canais abertos devem se abrir \u00e0 produ\u00e7\u00e3o independente<\/span> <span class=\"meta-nav\">&rarr;<\/span><\/a><\/p>\n","protected":false},"author":1,"featured_media":0,"comment_status":"open","ping_status":"open","sticky":false,"template":"","format":"standard","meta":{"footnotes":""},"categories":[40],"tags":[294],"_links":{"self":[{"href":"https:\/\/obscom.intervozes.org.br\/index.php?rest_route=\/wp\/v2\/posts\/22447"}],"collection":[{"href":"https:\/\/obscom.intervozes.org.br\/index.php?rest_route=\/wp\/v2\/posts"}],"about":[{"href":"https:\/\/obscom.intervozes.org.br\/index.php?rest_route=\/wp\/v2\/types\/post"}],"author":[{"embeddable":true,"href":"https:\/\/obscom.intervozes.org.br\/index.php?rest_route=\/wp\/v2\/users\/1"}],"replies":[{"embeddable":true,"href":"https:\/\/obscom.intervozes.org.br\/index.php?rest_route=%2Fwp%2Fv2%2Fcomments&post=22447"}],"version-history":[{"count":0,"href":"https:\/\/obscom.intervozes.org.br\/index.php?rest_route=\/wp\/v2\/posts\/22447\/revisions"}],"wp:attachment":[{"href":"https:\/\/obscom.intervozes.org.br\/index.php?rest_route=%2Fwp%2Fv2%2Fmedia&parent=22447"}],"wp:term":[{"taxonomy":"category","embeddable":true,"href":"https:\/\/obscom.intervozes.org.br\/index.php?rest_route=%2Fwp%2Fv2%2Fcategories&post=22447"},{"taxonomy":"post_tag","embeddable":true,"href":"https:\/\/obscom.intervozes.org.br\/index.php?rest_route=%2Fwp%2Fv2%2Ftags&post=22447"}],"curies":[{"name":"wp","href":"https:\/\/api.w.org\/{rel}","templated":true}]}}