{"id":22443,"date":"2009-01-30T15:05:18","date_gmt":"2009-01-30T15:05:18","guid":{"rendered":"https:\/\/obscom.intervozes.org.br\/wordpress\/?p=22443"},"modified":"2009-01-30T15:05:18","modified_gmt":"2009-01-30T15:05:18","slug":"conselho-consultivo-da-anatel-debatera-reversibilidade-de-bens-de-telecomunicacoes","status":"publish","type":"post","link":"https:\/\/obscom.intervozes.org.br\/?p=22443","title":{"rendered":"Conselho Consultivo da Anatel debater\u00e1 reversibilidade de bens de telecomunica\u00e7\u00f5es"},"content":{"rendered":"<p>   \t \t \t \t \t<!-- \t\t@page { margin: 2cm } \t\tP { margin-bottom: 0.21cm } \t--> \t  <\/p>\n<p style=\"margin-bottom: 0cm\" class=\"western padrao\">O Conselho Consultivo da Ag&ecirc;ncia Nacional de Telecomunica&ccedil;&otilde;es (Anatel) deve iniciar, entre fevereiro e mar&ccedil;o, um ciclo de debates sobre a reversibilidade dos bens &agrave; Uni&atilde;o. A proposta &eacute; do conselheiro Jos&eacute; Zunga, que pretende marcar as datas dos debates na pr&oacute;xima reuni&atilde;o do conselho, dia 13 de fevereiro.<\/p>\n<p>Segundo Zunga, o debate se faz necess&aacute;rio devido &agrave; grande pol&ecirc;mica instalada sobre a reversibilidade do backhaul que as operadoras fixas est&atilde;o implantando em todo o pa&iacute;s, resultante da troca de metas de universaliza&ccedil;&atilde;o. &quot;O conceito de reversibilidade n&atilde;o est&aacute; claro e permite uma s&eacute;rie de interpreta&ccedil;&otilde;es&quot;, disse. A expectativa do conselheiro &eacute; contribuir para a revis&atilde;o do Regulamento dos Bens Revers&iacute;veis da Anatel, que data de 2006.<\/p>\n<p><strong>Pol&ecirc;mica<\/strong><\/p>\n<p>Desde novembro de 2008, a Justi&ccedil;a Federal de Bras&iacute;lia concedeu liminar &agrave; Associa&ccedil;&atilde;o Brasileira de Defesa do Consumidor  &#8211; Pro Teste, suspendendo os efeitos do decreto do novo Plano Geral de Metas de Universaliza&ccedil;&atilde;o (PGMU), que permitiu a troca dos Postos de Servi&ccedil;os de Telecomunica&ccedil;&otilde;es (PSTs) pela implanta&ccedil;&atilde;o de backhaul (infraestrutura de internet), pelas operadoras de telefonia fixa.<\/p>\n<p>Depois da terceira derrota na justi&ccedil;a federal, em Bras&iacute;lia, a Anatel resolveu acatar a recomenda&ccedil;&atilde;o dos ju&iacute;zes e propor novo termo aditivo ao contrato, reincluindo a cl&aacute;usula explicitando a reversibilidade do backhaul, mas encontra resist&ecirc;ncia da Oi e da Telef&ocirc;nica.<\/p>\n<p>Zunga lembra que essa pol&ecirc;mica teve in&iacute;cio no Conselho Consultivo, com os questionamentos da conselheira Fl&aacute;via Lef&egrave;vre, que &eacute; advogada da Pro Teste, que contesta n&atilde;o s&oacute; a reversibilidade do backhaul, mas tamb&eacute;m da legalidade da troca de metas.  <\/p>\n","protected":false},"excerpt":{"rendered":"<p>O Conselho Consultivo da Ag&ecirc;ncia Nacional de Telecomunica&ccedil;&otilde;es (Anatel) deve iniciar, entre fevereiro e mar&ccedil;o, um ciclo de debates sobre a reversibilidade dos bens &agrave; Uni&atilde;o. A proposta &eacute; do conselheiro Jos&eacute; Zunga, que pretende marcar as datas dos debates na pr&oacute;xima reuni&atilde;o do conselho, dia 13 de fevereiro. Segundo Zunga, o debate se faz &hellip; <a href=\"https:\/\/obscom.intervozes.org.br\/?p=22443\" class=\"more-link\">Continue lendo <span class=\"screen-reader-text\">Conselho Consultivo da Anatel debater\u00e1 reversibilidade de bens de telecomunica\u00e7\u00f5es<\/span> <span class=\"meta-nav\">&rarr;<\/span><\/a><\/p>\n","protected":false},"author":1,"featured_media":0,"comment_status":"open","ping_status":"open","sticky":false,"template":"","format":"standard","meta":{"footnotes":""},"categories":[40],"tags":[329],"_links":{"self":[{"href":"https:\/\/obscom.intervozes.org.br\/index.php?rest_route=\/wp\/v2\/posts\/22443"}],"collection":[{"href":"https:\/\/obscom.intervozes.org.br\/index.php?rest_route=\/wp\/v2\/posts"}],"about":[{"href":"https:\/\/obscom.intervozes.org.br\/index.php?rest_route=\/wp\/v2\/types\/post"}],"author":[{"embeddable":true,"href":"https:\/\/obscom.intervozes.org.br\/index.php?rest_route=\/wp\/v2\/users\/1"}],"replies":[{"embeddable":true,"href":"https:\/\/obscom.intervozes.org.br\/index.php?rest_route=%2Fwp%2Fv2%2Fcomments&post=22443"}],"version-history":[{"count":0,"href":"https:\/\/obscom.intervozes.org.br\/index.php?rest_route=\/wp\/v2\/posts\/22443\/revisions"}],"wp:attachment":[{"href":"https:\/\/obscom.intervozes.org.br\/index.php?rest_route=%2Fwp%2Fv2%2Fmedia&parent=22443"}],"wp:term":[{"taxonomy":"category","embeddable":true,"href":"https:\/\/obscom.intervozes.org.br\/index.php?rest_route=%2Fwp%2Fv2%2Fcategories&post=22443"},{"taxonomy":"post_tag","embeddable":true,"href":"https:\/\/obscom.intervozes.org.br\/index.php?rest_route=%2Fwp%2Fv2%2Ftags&post=22443"}],"curies":[{"name":"wp","href":"https:\/\/api.w.org\/{rel}","templated":true}]}}