{"id":22442,"date":"2009-01-30T15:00:45","date_gmt":"2009-01-30T15:00:45","guid":{"rendered":"https:\/\/obscom.intervozes.org.br\/wordpress\/?p=22442"},"modified":"2009-01-30T15:00:45","modified_gmt":"2009-01-30T15:00:45","slug":"teles-e-empresas-de-midia-negociam-sobre-novas-outorgas-anatel-decide-so-em-marco","status":"publish","type":"post","link":"https:\/\/obscom.intervozes.org.br\/?p=22442","title":{"rendered":"Teles e empresas de m\u00eddia negociam sobre novas outorgas; Anatel decide s\u00f3 em mar\u00e7o"},"content":{"rendered":"<p>   \t \t \t \t \t<!-- \t\t@page { margin: 2cm } \t\tP { margin-bottom: 0.21cm } \t--> \t  <\/p>\n<p style=\"margin-bottom: 0cm\" class=\"western padrao\">As empresas interessadas em entrar na &aacute;rea de TV a cabo ter&atilde;o que esperar mais um pouco para saber como ficou o novo planejamento do servi&ccedil;o e quais ser&atilde;o as regras dos futuros editais. Como este notici&aacute;rio j&aacute; havia antecipado, o tema foi retirado de pauta na reuni&atilde;o [do Conselho Diretor da Ag&ecirc;ncia Nacional de Telecomunica&ccedil;&otilde;es (Anatel)] desta quinta (29). A conselheira Em&iacute;lia Ribeiro, que tinha suspendido a delibera&ccedil;&atilde;o no ano passado com um pedido de vistas, solicitou 40 dias para a an&aacute;lise do tema. <\/p>\n<p>A conselheira pretende conversar com o Tribunal de Contas da Uni&atilde;o (TCU) sobre a quest&atilde;o da precifica&ccedil;&atilde;o das outorgas e com os interessados para fazer ajustes na modelagem da licita&ccedil;&atilde;o. O pedido dos radiodifusores, que querem regras que garantam a retransmiss&atilde;o dos sinais locais, mesmo que das retransmissoras, nas novas outorgas que estejam em regi&otilde;es sem geradoras, deve ser contemplado. <\/p>\n<p>Mas al&eacute;m desta quest&atilde;o, existe uma preocupa&ccedil;&atilde;o entre grandes grupos de comunica&ccedil;&atilde;o sobre as condi&ccedil;&otilde;es em que empresas de telecomunica&ccedil;&otilde;es entrar&atilde;o no mercado de TV paga. Segundo apurou este notici&aacute;rio, empresas de m&iacute;dia e teles j&aacute; est&atilde;o se falando, no alto n&iacute;vel, para pacificar os pontos de atrito antes que a Anatel abra os chamamentos p&uacute;blicos para novas outorgas.<\/p>\n","protected":false},"excerpt":{"rendered":"<p>As empresas interessadas em entrar na &aacute;rea de TV a cabo ter&atilde;o que esperar mais um pouco para saber como ficou o novo planejamento do servi&ccedil;o e quais ser&atilde;o as regras dos futuros editais. Como este notici&aacute;rio j&aacute; havia antecipado, o tema foi retirado de pauta na reuni&atilde;o [do Conselho Diretor da Ag&ecirc;ncia Nacional de &hellip; <a href=\"https:\/\/obscom.intervozes.org.br\/?p=22442\" class=\"more-link\">Continue lendo <span class=\"screen-reader-text\">Teles e empresas de m\u00eddia negociam sobre novas outorgas; Anatel decide s\u00f3 em mar\u00e7o<\/span> <span class=\"meta-nav\">&rarr;<\/span><\/a><\/p>\n","protected":false},"author":1,"featured_media":0,"comment_status":"open","ping_status":"open","sticky":false,"template":"","format":"standard","meta":{"footnotes":""},"categories":[40],"tags":[177],"_links":{"self":[{"href":"https:\/\/obscom.intervozes.org.br\/index.php?rest_route=\/wp\/v2\/posts\/22442"}],"collection":[{"href":"https:\/\/obscom.intervozes.org.br\/index.php?rest_route=\/wp\/v2\/posts"}],"about":[{"href":"https:\/\/obscom.intervozes.org.br\/index.php?rest_route=\/wp\/v2\/types\/post"}],"author":[{"embeddable":true,"href":"https:\/\/obscom.intervozes.org.br\/index.php?rest_route=\/wp\/v2\/users\/1"}],"replies":[{"embeddable":true,"href":"https:\/\/obscom.intervozes.org.br\/index.php?rest_route=%2Fwp%2Fv2%2Fcomments&post=22442"}],"version-history":[{"count":0,"href":"https:\/\/obscom.intervozes.org.br\/index.php?rest_route=\/wp\/v2\/posts\/22442\/revisions"}],"wp:attachment":[{"href":"https:\/\/obscom.intervozes.org.br\/index.php?rest_route=%2Fwp%2Fv2%2Fmedia&parent=22442"}],"wp:term":[{"taxonomy":"category","embeddable":true,"href":"https:\/\/obscom.intervozes.org.br\/index.php?rest_route=%2Fwp%2Fv2%2Fcategories&post=22442"},{"taxonomy":"post_tag","embeddable":true,"href":"https:\/\/obscom.intervozes.org.br\/index.php?rest_route=%2Fwp%2Fv2%2Ftags&post=22442"}],"curies":[{"name":"wp","href":"https:\/\/api.w.org\/{rel}","templated":true}]}}