{"id":22440,"date":"2009-01-29T16:49:58","date_gmt":"2009-01-29T16:49:58","guid":{"rendered":"https:\/\/obscom.intervozes.org.br\/wordpress\/?p=22440"},"modified":"2009-01-29T16:49:58","modified_gmt":"2009-01-29T16:49:58","slug":"reuniao-no-planalto-definira-data-da-conferencia-de-comunicacao","status":"publish","type":"post","link":"https:\/\/obscom.intervozes.org.br\/?p=22440","title":{"rendered":"Reuni\u00e3o no Planalto definir\u00e1 data da confer\u00eancia de comunica\u00e7\u00e3o"},"content":{"rendered":"<p> \t \t \t \t<!-- \t\t@page { margin: 2cm } \t\tP { margin-bottom: 0.21cm } \t--> \t   <\/p>\n<p style=\"margin-bottom: 0cm\" class=\"western padrao\"><u><strong>Reproduzido do Tele.S&iacute;ntese <\/strong><\/u><\/p>\n<p>A data para realiza&ccedil;&atilde;o da 1&ordf; Confer&ecirc;ncia Nacional de Comunica&ccedil;&otilde;es ser&aacute; definida em reuni&atilde;o, no Pal&aacute;cio do Planalto, na pr&oacute;xima ter&ccedil;a-feira (3). A realiza&ccedil;&atilde;o do evento este ano, cobrada por diversos setores da sociedade desde 2007, foi acertada no in&iacute;cio desta semana entre o presidente Luiz In&aacute;cio Lula da Silva e o ministro das Comunica&ccedil;&otilde;es, H&eacute;lio Costa.<\/p>\n<p>A reuni&atilde;o t&eacute;cnica prevista para o dia 3 ser&aacute; coordenada pelo ministro Luiz Dulci (Secretaria Geral) e dever&aacute; definir ainda os pontos para operacionaliza&ccedil;&atilde;o da confer&ecirc;ncia, que ter&aacute; como principais temas a democratiza&ccedil;&atilde;o da comunica&ccedil;&atilde;o e pol&iacute;ticas p&uacute;blicas para o setor. Representantes do Minicom e da Casa Civil tamb&eacute;m devem participar.<\/p>\n<p>A 1&ordf; Confer&ecirc;ncia Nacional de Comunica&ccedil;&otilde;es debater&aacute; os rumos da uma nova legisla&ccedil;&atilde;o do setor, sobretudo um novo c&oacute;digo para a radiodifus&atilde;o, j&aacute; que o atual data de 1962 e est&aacute; completamente defasado frente as novas tecnologias, como avaliam empres&aacute;rios e t&eacute;cnicos do setor.<\/p>\n<p>No or&ccedil;amento da uni&atilde;o de 2009 est&atilde;o previstos R$ 8,2 milh&otilde;es para apoio &agrave; realiza&ccedil;&atilde;o de confer&ecirc;ncias estaduais e nacional de Comunica&ccedil;&atilde;o. A emenda foi apresentada pela Comiss&atilde;o de Ci&ecirc;ncia e Tecnologia da C&acirc;mara.<\/p>\n","protected":false},"excerpt":{"rendered":"<p>Reproduzido do Tele.S&iacute;ntese A data para realiza&ccedil;&atilde;o da 1&ordf; Confer&ecirc;ncia Nacional de Comunica&ccedil;&otilde;es ser&aacute; definida em reuni&atilde;o, no Pal&aacute;cio do Planalto, na pr&oacute;xima ter&ccedil;a-feira (3). A realiza&ccedil;&atilde;o do evento este ano, cobrada por diversos setores da sociedade desde 2007, foi acertada no in&iacute;cio desta semana entre o presidente Luiz In&aacute;cio Lula da Silva e o &hellip; <a href=\"https:\/\/obscom.intervozes.org.br\/?p=22440\" class=\"more-link\">Continue lendo <span class=\"screen-reader-text\">Reuni\u00e3o no Planalto definir\u00e1 data da confer\u00eancia de comunica\u00e7\u00e3o<\/span> <span class=\"meta-nav\">&rarr;<\/span><\/a><\/p>\n","protected":false},"author":1,"featured_media":0,"comment_status":"open","ping_status":"open","sticky":false,"template":"","format":"standard","meta":{"footnotes":""},"categories":[39],"tags":[],"_links":{"self":[{"href":"https:\/\/obscom.intervozes.org.br\/index.php?rest_route=\/wp\/v2\/posts\/22440"}],"collection":[{"href":"https:\/\/obscom.intervozes.org.br\/index.php?rest_route=\/wp\/v2\/posts"}],"about":[{"href":"https:\/\/obscom.intervozes.org.br\/index.php?rest_route=\/wp\/v2\/types\/post"}],"author":[{"embeddable":true,"href":"https:\/\/obscom.intervozes.org.br\/index.php?rest_route=\/wp\/v2\/users\/1"}],"replies":[{"embeddable":true,"href":"https:\/\/obscom.intervozes.org.br\/index.php?rest_route=%2Fwp%2Fv2%2Fcomments&post=22440"}],"version-history":[{"count":0,"href":"https:\/\/obscom.intervozes.org.br\/index.php?rest_route=\/wp\/v2\/posts\/22440\/revisions"}],"wp:attachment":[{"href":"https:\/\/obscom.intervozes.org.br\/index.php?rest_route=%2Fwp%2Fv2%2Fmedia&parent=22440"}],"wp:term":[{"taxonomy":"category","embeddable":true,"href":"https:\/\/obscom.intervozes.org.br\/index.php?rest_route=%2Fwp%2Fv2%2Fcategories&post=22440"},{"taxonomy":"post_tag","embeddable":true,"href":"https:\/\/obscom.intervozes.org.br\/index.php?rest_route=%2Fwp%2Fv2%2Ftags&post=22440"}],"curies":[{"name":"wp","href":"https:\/\/api.w.org\/{rel}","templated":true}]}}