{"id":22438,"date":"2009-01-29T15:05:06","date_gmt":"2009-01-29T15:05:06","guid":{"rendered":"https:\/\/obscom.intervozes.org.br\/wordpress\/?p=22438"},"modified":"2009-01-29T15:05:06","modified_gmt":"2009-01-29T15:05:06","slug":"brasileiros-inspiram-articulacao-internacional-de-midias-livres","status":"publish","type":"post","link":"https:\/\/obscom.intervozes.org.br\/?p=22438","title":{"rendered":"Brasileiros inspiram articula\u00e7\u00e3o internacional de m\u00eddias livres"},"content":{"rendered":"<p>   \t \t \t \t \t<!-- \t\t@page { margin: 2cm } \t\tP { margin-bottom: 0.21cm } \t--> \t   <\/p>\n<p style=\"margin-bottom: 0cm\" class=\"western padrao\">O F&oacute;rum de M&iacute;dia livre nasceu em 2008 como uma reuni&atilde;o de pessoas e coletivos envolvidos nas mais diversas formas de produ&ccedil;&atilde;o e circula&ccedil;&atilde;o de informa&ccedil;&atilde;o e cultura, visando articular e potencializar estas experi&ecirc;ncias. Em junho do ano passado, um primeiro encontro realizado no Rio de Janeiro selou o compromisso de centenas de midialivristas de trabalharem juntos para fortalecer esta modalidade de express&atilde;o. Agora, o desafio &eacute; expandir esta iniciativa para al&eacute;m das fronteiras nacionais.<\/p>\n<p>Esta foi a principal conclus&atilde;o do 1o F&oacute;rum Mundial de M&iacute;dia Livre (FMML), evento preparat&oacute;rio ao F&oacute;rum Social Mundial que terminou nesta ter&ccedil;a-feira (27) em Bel&eacute;m. Segundo as resolu&ccedil;&otilde;es do encontro, o F&oacute;rum de M&iacute;dia Livre Brasil deve assumir &quot;como responsabilidade o esfor&ccedil;o por trabalhar pela articula&ccedil;&atilde;o internacional de m&iacute;dias livres&quot;. Uma vez que o FMML foi uma primeira tentativa e n&atilde;o reuniu um contingente de midialivristas considerado suficiente para a cria&ccedil;&atilde;o de uma organiza&ccedil;&atilde;o semelhante ao FML brasileiro, optou-se por buscar, a partir deste, um di&aacute;logo que avance nesta dire&ccedil;&atilde;o no plano internacional. <\/p>\n<p>Assim como aconteceu no Brasil, a id&eacute;ia &eacute; colocar frente a frente as v&aacute;rias iniciativas de m&iacute;dia livre e alternativa em &acirc;mbito mundial (de ve&iacute;culos consolidados como o jornal <em>Le Monde Diplomatique<\/em> e a ag&ecirc;ncia IPS &agrave;s centenas de milhares de pessoas que utilizam as novas tecnologias digitais, como o YouTube ou o Orkut) para que encontrem uma identidade comum e se articulem de modo a promover a sua visibilidade, o seu fortalecimento e a expans&atilde;o deste tipo de pr&aacute;tica. <\/p>\n<p>Altamiro Borges, editor do <em>Portal Vermelho <\/em>e um dos integrantes do Grupo de Trabalho Executivo do FML brasileiro, considerou o compromisso assumido &quot;fundamental&quot; e defendeu que ele deve mirar, em um primeiro momento, abarcar as experi&ecirc;ncias latino-americanas, aproveitando o florescimento e fortalecimento delas no atual contexto de exist&ecirc;ncia de diversos governos de esquerda. &quot;H&aacute; meios p&uacute;blicos sendo criados e ampliados e iniciativas comunit&aacute;rias e livre sendo apoiadas por estes governos. Precisamos conversar com todos estes ve&iacute;culos&quot;, prop&ocirc;s.<\/p>\n<p>Na avalia&ccedil;&atilde;o de Jo&atilde;o Brant, do Intervozes &ndash; Coletivo Brasil de Comunica&ccedil;&atilde;o Social, aos problemas cada vez mais globais da &aacute;rea das comunica&ccedil;&otilde;es s&atilde;o necess&aacute;rias rea&ccedil;&otilde;es no mesmo patamar. &quot;Ficou claro que o enfrentamento ao pensamento hegem&ocirc;nico e aos grandes grupos de m&iacute;dia depende da articula&ccedil;&atilde;o internacional entre ve&iacute;culos, produtores de m&iacute;dia livre e organiza&ccedil;&otilde;es que lutam pela democratiza&ccedil;&atilde;o da comunica&ccedil;&atilde;o. &Eacute; preciso, de um lado, fortalecer as iniciativas desse campo e, por outro, lutar por politicas publicas de comunica&ccedil;&atilde;o que fomentem a pluralidade e a diversidade, inclusive por meio do apoio a meios de comunica&ccedil;&atilde;o democr&aacute;ticos&quot;, disse.<\/p>\n<p>Renato Rovai, editor da <em>Revista F&oacute;rum <\/em>e tamb&eacute;m integrante do GTE do FML, considerou o evento foi &quot;bem sucedido&quot;. &quot;Tivemos algumas dificuldades estruturais e de mobiliza&ccedil;&atilde;o, mas frente a elas acho que o resultado foi bem positivo&quot;, concluiu.<\/p>\n<p><strong>Impulsionar as a&ccedil;&otilde;es locais<\/strong><\/p>\n<p>Pela grande presen&ccedil;a de brasileiros no evento, a plen&aacute;ria final do 1o F&oacute;rum Mundial de M&iacute;dia Livre incluiu tamb&eacute;m uma discuss&atilde;o sobre os pr&oacute;ximos passos do FML Brasil. Uma das prioridades ser&aacute; a organiza&ccedil;&atilde;o do campo para participar da 1a Confer&ecirc;ncia Nacional de Comunica&ccedil;&atilde;o, que ir&aacute; acontecer este ano. &quot;Entramos em um outro patamar agora, e teremos de suar muito a camisa para mobilizar os midialivristas e aqueles preocupados com a democratiza&ccedil;&atilde;o da comunica&ccedil;&atilde;o para que nossa voz seja ouvida&quot;, disse Altamiro Borges.<\/p>\n<p>Outro tema que demandar&aacute; aten&ccedil;&atilde;o do FML neste ano ser&aacute; o concurso dos Pontos de M&iacute;dia Livre, a&ccedil;&atilde;o do Minist&eacute;rio da Cultura no interior do programa Cultura Viva. A cria&ccedil;&atilde;o de espa&ccedil;os de produ&ccedil;&atilde;o de m&iacute;dia livre apoiadas por recursos p&uacute;blicos foi um dos principais pleitos da carta do encontro do Rio de Janeiro e agora se concretizou em um edital publicado esta semana no Di&aacute;rio Oficial da Uni&atilde;o. <\/p>\n<p>A iniciativa foi saudada como uma conquista por alguns participantes, mas olhada com receio por outros: &quot;Ainda n&atilde;o sabemos qual ser&aacute; o teor deste edital. Precisamos ter acesso a ele para formarmos uma id&eacute;ia melhor a respeito e localizar se devemos apresentar cr&iacute;ticas ou sugest&otilde;es&quot;, disse Rita Freire, do portal colaborativo <em>Ciranda.Net<\/em>. Esta discuss&atilde;o dever&aacute; ocorrer em atividade do Minist&eacute;rio da Cultura no F&oacute;rum Social Mundial sobre o tema, que acontece no dia 29.<\/p>\n<p>Um terceiro tema que n&atilde;o surge na conjuntura, mas foi muito lembrado na plen&aacute;ria final &eacute; a luta pela democratiza&ccedil;&atilde;o das verbas de comunica&ccedil;&atilde;o estatal. Foi criado um grupo de trabalho entre os participantes que ir&aacute; desenvolver estrat&eacute;gias de press&atilde;o junto aos governos federal e estaduais para criar regras mais democr&aacute;ticas e que incluam pol&iacute;ticas de destina&ccedil;&atilde;o destas verbas aos ve&iacute;culos alternativos e livres. <\/p>\n<p>Por fim, foi reafirmado um pr&oacute;ximo encontro do FML este ano, a ser realizado na cidade de Vit&oacute;ria (ES), ainda sem data definida.<\/p>\n","protected":false},"excerpt":{"rendered":"<p>Experi\u00eancia do F\u00f3rum M\u00eddia Livre no Brasil servir\u00e1 para iniciar di\u00e1logo entre ve\u00edculos alternativos e produtores de comunica\u00e7\u00e3o independentes nos v\u00e1rios continentes para fortalecer o midialivrismo<\/p>\n","protected":false},"author":1,"featured_media":0,"comment_status":"open","ping_status":"open","sticky":false,"template":"","format":"standard","meta":{"footnotes":""},"categories":[40],"tags":[957],"_links":{"self":[{"href":"https:\/\/obscom.intervozes.org.br\/index.php?rest_route=\/wp\/v2\/posts\/22438"}],"collection":[{"href":"https:\/\/obscom.intervozes.org.br\/index.php?rest_route=\/wp\/v2\/posts"}],"about":[{"href":"https:\/\/obscom.intervozes.org.br\/index.php?rest_route=\/wp\/v2\/types\/post"}],"author":[{"embeddable":true,"href":"https:\/\/obscom.intervozes.org.br\/index.php?rest_route=\/wp\/v2\/users\/1"}],"replies":[{"embeddable":true,"href":"https:\/\/obscom.intervozes.org.br\/index.php?rest_route=%2Fwp%2Fv2%2Fcomments&post=22438"}],"version-history":[{"count":0,"href":"https:\/\/obscom.intervozes.org.br\/index.php?rest_route=\/wp\/v2\/posts\/22438\/revisions"}],"wp:attachment":[{"href":"https:\/\/obscom.intervozes.org.br\/index.php?rest_route=%2Fwp%2Fv2%2Fmedia&parent=22438"}],"wp:term":[{"taxonomy":"category","embeddable":true,"href":"https:\/\/obscom.intervozes.org.br\/index.php?rest_route=%2Fwp%2Fv2%2Fcategories&post=22438"},{"taxonomy":"post_tag","embeddable":true,"href":"https:\/\/obscom.intervozes.org.br\/index.php?rest_route=%2Fwp%2Fv2%2Ftags&post=22438"}],"curies":[{"name":"wp","href":"https:\/\/api.w.org\/{rel}","templated":true}]}}