{"id":22436,"date":"2009-01-29T13:06:15","date_gmt":"2009-01-29T13:06:15","guid":{"rendered":"https:\/\/obscom.intervozes.org.br\/wordpress\/?p=22436"},"modified":"2009-01-29T13:06:15","modified_gmt":"2009-01-29T13:06:15","slug":"estrategias-de-ampliacao-do-midialivrismo-provocam-polemica","status":"publish","type":"post","link":"https:\/\/obscom.intervozes.org.br\/?p=22436","title":{"rendered":"Estrat\u00e9gias de amplia\u00e7\u00e3o do midialivrismo provocam pol\u00eamica"},"content":{"rendered":"<p>   \t \t \t \t \t<!-- \t\t@page { margin: 2cm } \t\tP { margin-bottom: 0.21cm } \t--> \t       <\/p>\n<p style=\"margin-bottom: 0cm\" class=\"western padrao\">Como ampliar o acesso a meios e tecnologias que viabilizam a produ&ccedil;&atilde;o pr&oacute;pria de conhecimentos dentro de um quadro de comunica&ccedil;&atilde;o altamente concentrado? Esta foi a pergunta que inaugurou os debates do F&oacute;rum Mundial de M&iacute;dia Livre, realizado em Bel&eacute;m nesta segunda e ter&ccedil;a-feira como evento preparat&oacute;rio ao F&oacute;rum Social Mundial 2009. Nas discuss&otilde;es, foi reafirmada a necessidade de ampliar a pr&aacute;tica do midialivrismo, reconhecendo-a como modalidade de express&atilde;o que ultrapassa os limites do corporativismo de quem &eacute; apontado pela Academia como produtor de conte&uacute;do. Mas se foi percept&iacute;vel a receptividade das diversas pessoas, coletivos e entidades presentes a este conceito-pr&aacute;tica, os caminhos apresentados para sua amplia&ccedil;&atilde;o foram v&aacute;rios e, muitas vezes, antag&ocirc;nicos.<\/p>\n<p>Para parte dos presentes ao evento, a amplia&ccedil;&atilde;o das vozes pretendida pelo midialivrismo deve estar relacionada &agrave; busca por uma inser&ccedil;&atilde;o na arena midi&aacute;tica contempor&acirc;nea. Para o integrante do Intervozes &ndash; Coletivo Brasil de Comunica&ccedil;&atilde;o Social, Jonas Valente, &eacute; importante que as iniciativas de m&iacute;dia livre articulem-se para fortalecer uma alternativa ao avan&ccedil;o dos meios comerciais que difundem um discurso conservador e interditam o &ldquo;debate sobre uma comunica&ccedil;&atilde;o mais democr&aacute;tica&rdquo;. <\/p>\n<p>Dentro do conceito de comunica&ccedil;&atilde;o contra-hegem&ocirc;nica, o representante da Associa&ccedil;&atilde;o Brasileira de R&aacute;dios Comunit&aacute;rias (Abra&ccedil;o), Jos&eacute; S&oacute;ter, defendeu a import&acirc;ncia da comunica&ccedil;&atilde;o comunit&aacute;ria como forma de m&iacute;dia livre. &ldquo;Isso estimula a promo&ccedil;&atilde;o da identidade (de uma comunidade). Promove o crescimento da consci&ecirc;ncia cr&iacute;tica&rdquo;, disse. Altamiro Borges, editor do <em>Portal Vermelho<\/em>, advogou que se evitasse uma &ldquo;&eacute;tica da pequen&ecirc;s e da distor&ccedil;&atilde;o&rdquo;, que relegasse a m&iacute;dia livre apenas a exist&ecirc;ncia dispersa de iniciativas individuais de produ&ccedil;&atilde;o de conte&uacute;dos.<\/p>\n<p><strong>Multiplica&ccedil;&atilde;o<\/strong> <\/p>\n<p>Por outro lado, houve tamb&eacute;m vozes que apontaram o caminho da promo&ccedil;&atilde;o das experi&ecirc;ncias sem a obriga&ccedil;&atilde;o necess&aacute;ria de integr&aacute;-las. Para a diretora da Escola de Comunica&ccedil;&atilde;o da Universidade Federal do Rio de Janeiro (UFRJ), Ivana Bentes, &eacute; preciso que se pare com &ldquo;o discurso da cat&aacute;strofe&rdquo; sobre o poderio dos grandes conglomerados comerciais de m&iacute;dia. Para ela, o movimento de midialivristas tem que demandar pol&iacute;ticas p&uacute;blicas, mas, acima de tudo, tem que formar os seus pr&oacute;prios mercados baseados nos princ&iacute;pios da solidariedade e do compartilhamento horizontal, bem como na forma&ccedil;&atilde;o de novas linguagens que contemplem toda a criatividade poss&iacute;vel dentro do que &eacute; livre. &ldquo;A gente tem que pensar no movimento para al&eacute;m da fragmenta&ccedil;&atilde;o destas linguagens. Como fazer redes tao poderosas quanto ao dos grandes conglomerados?&rdquo;, questionou. <\/p>\n<p>Para S&eacute;rgio Amadeu, professor da faculdade C&aacute;sper L&iacute;bero, o movimento de m&iacute;dia livre deve centrar suas aten&ccedil;&otilde;es nas possibilidades da internet e lutar contra as tentativas de limita&ccedil;&atilde;o de liberdade dentro da rede digital atrav&eacute;s da criminaliza&ccedil;&atilde;o de internautas. &ldquo;Sou defensor da comunica&ccedil;&atilde;o an&ocirc;nima na internet. N&atilde;o &eacute; porque n&atilde;o &eacute; um nome verdadeiro [que assina uma produ&ccedil;&atilde;o para a rede] que a informa&ccedil;&atilde;o n&atilde;o tenha qualidade. N&atilde;o devemos nos curvar diante da sociedade do controle&rdquo;, disse. <\/p>\n<p>Outro ponto que merece aten&ccedil;&atilde;o &eacute; a busca por audi&ecirc;ncia no novo ambiente digital. &ldquo;No velho paradigma, a briga era para falar. Na rede, o dif&iacute;cil &eacute; ser ouvido. No digital, vai haver um grande confronto entre estes ativistas e os grandes conglomerados&rdquo;, sentenciou Amadeu.<\/p>\n<p><strong>Desafios<\/strong><\/p>\n<p>Diante da diversidade de opini&otilde;es, emergiu como desafio encontrar um fio condutor que ligue todas as perspectivas apresentadas: da garantia do acesso &agrave;s novas tecnologias e da constru&ccedil;&atilde;o de redes horizontais &agrave; articula&ccedil;&atilde;o de experi&ecirc;ncias de porte com condi&ccedil;&otilde;es de competir na arena midi&aacute;tica. Neste quadro, o acesso &agrave;s novas tecnologias ainda &eacute; um problema que aumenta de propor&ccedil;&atilde;o quando o assunto esbarra com o tema propriedade intelectual e a criminaliza&ccedil;&atilde;o de midialivristas. <\/p>\n<p>Para a representante do portal <em>Overmundo<\/em>, Oona Castro, haver&aacute; sempre a tentativa de se controlar a a&ccedil;&atilde;o dos que promovem m&iacute;dia livre. &ldquo;&Eacute; necess&aacute;rio que todos tenham a possibilidade de participar, sem intermedia&ccedil;&otilde;es&rdquo;, enfatizou.<\/p>\n<p><span>Financiamento surgiu como outra quest&atilde;o que merece a aten&ccedil;&atilde;o do movimento. A necessidade da auto-sustenta&ccedil;&atilde;o &eacute; um consenso, mas tamb&eacute;m h&aacute; o debate sobre o papel do Estado na garantia de uma m&iacute;dia p&uacute;blica e livre, seja na libera&ccedil;&atilde;o de verba publicit&aacute;ria estatal para meios livres, seja na promo&ccedil;&atilde;o de pol&iacute;ticas p&uacute;blicas que levem a uma maior democratiza&ccedil;&atilde;o da comunica&ccedil;&atilde;o brasileira. &ldquo;Para sermos livre, precisamos da interven&ccedil;&atilde;o do Estado, pois ele media os conflitos da sociedade&rdquo;, argumentou S&oacute;ter, da Abra&ccedil;o.<\/span><\/p>\n","protected":false},"excerpt":{"rendered":"<p>Ampliar a pr\u00e1tica da comunica\u00e7\u00e3o &#8216;n\u00e3o corporativa&#8217; \u00e9 uma necessidade urgente, mas h\u00e1 diverg\u00eancia se a estrat\u00e9gia deve ser disputar espa\u00e7o na atual arena midi\u00e1tica ou investir na multiplica\u00e7\u00e3o de iniciativas<\/p>\n","protected":false},"author":1,"featured_media":0,"comment_status":"open","ping_status":"open","sticky":false,"template":"","format":"standard","meta":{"footnotes":""},"categories":[40],"tags":[957],"_links":{"self":[{"href":"https:\/\/obscom.intervozes.org.br\/index.php?rest_route=\/wp\/v2\/posts\/22436"}],"collection":[{"href":"https:\/\/obscom.intervozes.org.br\/index.php?rest_route=\/wp\/v2\/posts"}],"about":[{"href":"https:\/\/obscom.intervozes.org.br\/index.php?rest_route=\/wp\/v2\/types\/post"}],"author":[{"embeddable":true,"href":"https:\/\/obscom.intervozes.org.br\/index.php?rest_route=\/wp\/v2\/users\/1"}],"replies":[{"embeddable":true,"href":"https:\/\/obscom.intervozes.org.br\/index.php?rest_route=%2Fwp%2Fv2%2Fcomments&post=22436"}],"version-history":[{"count":0,"href":"https:\/\/obscom.intervozes.org.br\/index.php?rest_route=\/wp\/v2\/posts\/22436\/revisions"}],"wp:attachment":[{"href":"https:\/\/obscom.intervozes.org.br\/index.php?rest_route=%2Fwp%2Fv2%2Fmedia&parent=22436"}],"wp:term":[{"taxonomy":"category","embeddable":true,"href":"https:\/\/obscom.intervozes.org.br\/index.php?rest_route=%2Fwp%2Fv2%2Fcategories&post=22436"},{"taxonomy":"post_tag","embeddable":true,"href":"https:\/\/obscom.intervozes.org.br\/index.php?rest_route=%2Fwp%2Fv2%2Ftags&post=22436"}],"curies":[{"name":"wp","href":"https:\/\/api.w.org\/{rel}","templated":true}]}}