{"id":22435,"date":"2009-01-27T15:18:35","date_gmt":"2009-01-27T15:18:35","guid":{"rendered":"https:\/\/obscom.intervozes.org.br\/wordpress\/?p=22435"},"modified":"2009-01-27T15:18:35","modified_gmt":"2009-01-27T15:18:35","slug":"senador-propoe-instituicao-do-servico-de-televisao-comunitaria-aberta","status":"publish","type":"post","link":"https:\/\/obscom.intervozes.org.br\/?p=22435","title":{"rendered":"Senador prop\u00f5e institui\u00e7\u00e3o do servi\u00e7o de televis\u00e3o comunit\u00e1ria aberta"},"content":{"rendered":"<p>   \t \t \t \t \t<!-- \t\t@page { margin: 2cm } \t\tP { margin-bottom: 0.21cm } \t--> \t   <\/p>\n<p style=\"margin-bottom: 0cm\" class=\"western padrao\">Aguarda recebimento de emendas, at&eacute; o pr&oacute;ximo dia 3 de fevereiro, projeto de autoria do senador Renato Casagrande (PSB-ES) destinado a instituir o servi&ccedil;o de televis&atilde;o comunit&aacute;ria, que, entre outros objetivos, dever&aacute; ampliar a abrang&ecirc;ncia social desse ve&iacute;culo. A proposta, que tramita na Comiss&atilde;o de Ci&ecirc;ncia, Tecnologia, Inova&ccedil;&atilde;o, Comunica&ccedil;&atilde;o e Inform&aacute;tica (CCT), complementa o servi&ccedil;o de radiodifus&atilde;o comunit&aacute;ria sonora que &eacute; disciplinado pela Lei n&ordm; 9.612, de 19 de fevereiro de 1998.<\/p>\n<p>Segundo o projeto de Casagrande (PLS 483\/08), assim como ocorre em rela&ccedil;&atilde;o &agrave;s emissoras de r&aacute;dio comunit&aacute;ria, o servi&ccedil;o de televis&atilde;o comunit&aacute;ria ser&aacute; concedido a funda&ccedil;&otilde;es e associa&ccedil;&otilde;es de car&aacute;ter comunit&aacute;rio sem fins lucrativos, com sede na localidade de presta&ccedil;&atilde;o de servi&ccedil;o, e ser&aacute; operado mediante a utiliza&ccedil;&atilde;o da tecnologia do sistema de digitaliza&ccedil;&atilde;o de sinais adotado no pa&iacute;s. De acordo com o autor da proposta, a concess&atilde;o do servi&ccedil;o segue &quot;os mesmos delineamentos legais conferidos ao servi&ccedil;o de radiodifus&atilde;o comunit&aacute;ria sonora (r&aacute;dios)&quot;, bem como os mesmos princ&iacute;pios que caracterizam esse servi&ccedil;o.<\/p>\n<p>Pelo texto do projeto, caber&aacute; ao poder concedente designar, em &acirc;mbito nacional, para utiliza&ccedil;&atilde;o do servi&ccedil;o, pelo menos dois canais de opera&ccedil;&atilde;o de servi&ccedil;o de radiodifus&atilde;o de sons e imagens, sendo um em VHF e outro em UHF, por regi&atilde;o, dentro do Plano B&aacute;sico de Distribui&ccedil;&atilde;o de Canais Digitais (PBTVD) do Sistema Brasileiro de Televis&atilde;o Digital Terrestre (SBTVD-T).<\/p>\n<p>A outorga que vier a ser concedida para esse servi&ccedil;o ter&aacute; validade de 15 anos &#8211; cinco anos a mais do que o per&iacute;odo autorizado para as r&aacute;dios comunit&aacute;rias. Fica permitida a renova&ccedil;&atilde;o da outorga por igual per&iacute;odo se todas as exig&ecirc;ncias da legisla&ccedil;&atilde;o vigente tiverem sido cumpridas.<\/p>\n<p>O projeto foi apresentado por Casagrande em dezembro do ano passado e, depois da fase de recebimento de emendas, ter&aacute; um relator designado e ser&aacute; votado, em decis&atilde;o terminativa, na CCT.<\/p>\n","protected":false},"excerpt":{"rendered":"<p>Aguarda recebimento de emendas, at&eacute; o pr&oacute;ximo dia 3 de fevereiro, projeto de autoria do senador Renato Casagrande (PSB-ES) destinado a instituir o servi&ccedil;o de televis&atilde;o comunit&aacute;ria, que, entre outros objetivos, dever&aacute; ampliar a abrang&ecirc;ncia social desse ve&iacute;culo. A proposta, que tramita na Comiss&atilde;o de Ci&ecirc;ncia, Tecnologia, Inova&ccedil;&atilde;o, Comunica&ccedil;&atilde;o e Inform&aacute;tica (CCT), complementa o servi&ccedil;o &hellip; <a href=\"https:\/\/obscom.intervozes.org.br\/?p=22435\" class=\"more-link\">Continue lendo <span class=\"screen-reader-text\">Senador prop\u00f5e institui\u00e7\u00e3o do servi\u00e7o de televis\u00e3o comunit\u00e1ria aberta<\/span> <span class=\"meta-nav\">&rarr;<\/span><\/a><\/p>\n","protected":false},"author":1,"featured_media":0,"comment_status":"open","ping_status":"open","sticky":false,"template":"","format":"standard","meta":{"footnotes":""},"categories":[40],"tags":[155],"_links":{"self":[{"href":"https:\/\/obscom.intervozes.org.br\/index.php?rest_route=\/wp\/v2\/posts\/22435"}],"collection":[{"href":"https:\/\/obscom.intervozes.org.br\/index.php?rest_route=\/wp\/v2\/posts"}],"about":[{"href":"https:\/\/obscom.intervozes.org.br\/index.php?rest_route=\/wp\/v2\/types\/post"}],"author":[{"embeddable":true,"href":"https:\/\/obscom.intervozes.org.br\/index.php?rest_route=\/wp\/v2\/users\/1"}],"replies":[{"embeddable":true,"href":"https:\/\/obscom.intervozes.org.br\/index.php?rest_route=%2Fwp%2Fv2%2Fcomments&post=22435"}],"version-history":[{"count":0,"href":"https:\/\/obscom.intervozes.org.br\/index.php?rest_route=\/wp\/v2\/posts\/22435\/revisions"}],"wp:attachment":[{"href":"https:\/\/obscom.intervozes.org.br\/index.php?rest_route=%2Fwp%2Fv2%2Fmedia&parent=22435"}],"wp:term":[{"taxonomy":"category","embeddable":true,"href":"https:\/\/obscom.intervozes.org.br\/index.php?rest_route=%2Fwp%2Fv2%2Fcategories&post=22435"},{"taxonomy":"post_tag","embeddable":true,"href":"https:\/\/obscom.intervozes.org.br\/index.php?rest_route=%2Fwp%2Fv2%2Ftags&post=22435"}],"curies":[{"name":"wp","href":"https:\/\/api.w.org\/{rel}","templated":true}]}}