{"id":22429,"date":"2009-01-27T12:22:35","date_gmt":"2009-01-27T12:22:35","guid":{"rendered":"https:\/\/obscom.intervozes.org.br\/wordpress\/?p=22429"},"modified":"2009-01-27T12:22:35","modified_gmt":"2009-01-27T12:22:35","slug":"apos-reuniao-com-lula-helio-costa-confirma-convocacao-de-conferencia-nacional","status":"publish","type":"post","link":"https:\/\/obscom.intervozes.org.br\/?p=22429","title":{"rendered":"Ap\u00f3s reuni\u00e3o com Lula, H\u00e9lio Costa confirma convoca\u00e7\u00e3o de Confer\u00eancia Nacional"},"content":{"rendered":"<p>   \t \t \t \t \t<!-- \t\t@page { margin: 2cm } \t\tP { margin-bottom: 0.21cm } \t--> \t  <\/p>\n<p style=\"margin-bottom: 0cm\" class=\"western padrao\"><u><strong>Reproduzido do Tele.S&iacute;ntese<\/strong><\/u><\/p>\n<p>O ministro das Comunica&ccedil;&otilde;es, H&eacute;lio Costa, confirmou hoje (26) a realiza&ccedil;&atilde;o da primeira Confer&ecirc;ncia Nacional de Comunica&ccedil;&atilde;o, ainda neste ano. O assunto foi tema de reuni&atilde;o hoje com o presidente Luis In&aacute;cio Lula da Silva. A data da confer&ecirc;ncia dever&aacute; ser anunciada amanh&atilde; pelo ministro, ap&oacute;s nova reuni&atilde;o no Pal&aacute;cio do Planalto. A confer&ecirc;ncia vai discutir todos os temas ligados &agrave; &aacute;rea de telecomunica&ccedil;&otilde;es, inclusive a revis&atilde;o do C&oacute;digo Brasileiro de Telecomunica&ccedil;&otilde;es, que data de 1962. Existe uma grande press&atilde;o da sociedade e de entidades do setor para que a confer&ecirc;ncia aconte&ccedil;a. J&aacute; foram realizadas diversas reuni&otilde;es estaduais preparat&oacute;rias.<\/p>\n","protected":false},"excerpt":{"rendered":"<p>Reproduzido do Tele.S&iacute;ntese O ministro das Comunica&ccedil;&otilde;es, H&eacute;lio Costa, confirmou hoje (26) a realiza&ccedil;&atilde;o da primeira Confer&ecirc;ncia Nacional de Comunica&ccedil;&atilde;o, ainda neste ano. O assunto foi tema de reuni&atilde;o hoje com o presidente Luis In&aacute;cio Lula da Silva. A data da confer&ecirc;ncia dever&aacute; ser anunciada amanh&atilde; pelo ministro, ap&oacute;s nova reuni&atilde;o no Pal&aacute;cio do Planalto. &hellip; <a href=\"https:\/\/obscom.intervozes.org.br\/?p=22429\" class=\"more-link\">Continue lendo <span class=\"screen-reader-text\">Ap\u00f3s reuni\u00e3o com Lula, H\u00e9lio Costa confirma convoca\u00e7\u00e3o de Confer\u00eancia Nacional<\/span> <span class=\"meta-nav\">&rarr;<\/span><\/a><\/p>\n","protected":false},"author":1,"featured_media":0,"comment_status":"open","ping_status":"open","sticky":false,"template":"","format":"standard","meta":{"footnotes":""},"categories":[39],"tags":[],"_links":{"self":[{"href":"https:\/\/obscom.intervozes.org.br\/index.php?rest_route=\/wp\/v2\/posts\/22429"}],"collection":[{"href":"https:\/\/obscom.intervozes.org.br\/index.php?rest_route=\/wp\/v2\/posts"}],"about":[{"href":"https:\/\/obscom.intervozes.org.br\/index.php?rest_route=\/wp\/v2\/types\/post"}],"author":[{"embeddable":true,"href":"https:\/\/obscom.intervozes.org.br\/index.php?rest_route=\/wp\/v2\/users\/1"}],"replies":[{"embeddable":true,"href":"https:\/\/obscom.intervozes.org.br\/index.php?rest_route=%2Fwp%2Fv2%2Fcomments&post=22429"}],"version-history":[{"count":0,"href":"https:\/\/obscom.intervozes.org.br\/index.php?rest_route=\/wp\/v2\/posts\/22429\/revisions"}],"wp:attachment":[{"href":"https:\/\/obscom.intervozes.org.br\/index.php?rest_route=%2Fwp%2Fv2%2Fmedia&parent=22429"}],"wp:term":[{"taxonomy":"category","embeddable":true,"href":"https:\/\/obscom.intervozes.org.br\/index.php?rest_route=%2Fwp%2Fv2%2Fcategories&post=22429"},{"taxonomy":"post_tag","embeddable":true,"href":"https:\/\/obscom.intervozes.org.br\/index.php?rest_route=%2Fwp%2Fv2%2Ftags&post=22429"}],"curies":[{"name":"wp","href":"https:\/\/api.w.org\/{rel}","templated":true}]}}