{"id":22427,"date":"2009-01-26T15:56:41","date_gmt":"2009-01-26T15:56:41","guid":{"rendered":"https:\/\/obscom.intervozes.org.br\/wordpress\/?p=22427"},"modified":"2009-01-26T15:56:41","modified_gmt":"2009-01-26T15:56:41","slug":"industria-tera-que-ampliar-fabricacao-de-aparelhos-adaptados","status":"publish","type":"post","link":"https:\/\/obscom.intervozes.org.br\/?p=22427","title":{"rendered":"Ind\u00fastria ter\u00e1 que ampliar fabrica\u00e7\u00e3o de aparelhos adaptados"},"content":{"rendered":"<p>   \t \t \t \t \t<!-- \t\t@page { margin: 2cm } \t\tP { margin-bottom: 0.21cm } \t--> \t  <\/p>\n<p style=\"margin-bottom: 0cm\" class=\"western padrao\">O governo prepara novas medidas para acelerar a implementa&ccedil;&atilde;o da TV digital brasileira. Depois que os Minist&eacute;rios do Desenvolvimento e da Ci&ecirc;ncia e Tecnologia estabeleceram cotas de fabrica&ccedil;&atilde;o de celulares para a recep&ccedil;&atilde;o dos sinais digitais de TV, agora ser&aacute; a vez dos fabricantes de aparelhos de TV tamb&eacute;m terem novas regras de produ&ccedil;&atilde;o.<\/p>\n<p>A proposta, que est&aacute; sendo capitaneada pelo ministro das Comunica&ccedil;&otilde;es, H&eacute;lio Costa, &eacute; para que os fabricantes passem a ter tamb&eacute;m cotas crescentes de produ&ccedil;&atilde;o de televisores com a recep&ccedil;&atilde;o digital, at&eacute; que toda a produ&ccedil;&atilde;o nacional de TV fique exclusivamente digital. Duas s&atilde;o as alternativas em estudo pelo governo, que ser&atilde;o apresentadas aos fabricantes, antes de lan&ccedil;adas &agrave; consulta p&uacute;blica.<\/p>\n<p>Em troca dos incentivos fiscais da Zona Franca de Manaus, a ind&uacute;stria come&ccedil;aria a incorporar o set-top box nos modelos de telas maiores. E seriam estabelecidos prazos para a incorpora&ccedil;&atilde;o das outras linhas de telas menores. Outra proposta em estudo seria a de apenas estabelecer um percentual anual de fabrica&ccedil;&atilde;o de aparelhos de TV digital deixando a crit&eacute;rio da ind&uacute;stria a escolha dos modelos.<\/p>\n<p>Nas duas propostas, por&eacute;m, ser&aacute; definida uma data final de quando n&atilde;o poder&aacute; mais haver aparelhos de TV fabricados no Brasil sem a incorpora&ccedil;&atilde;o da recep&ccedil;&atilde;o digital. E, segundo fontes do governo, essa data n&atilde;o dever&aacute; passar de 2014.<\/p>\n","protected":false},"excerpt":{"rendered":"<p>O governo prepara novas medidas para acelerar a implementa&ccedil;&atilde;o da TV digital brasileira. Depois que os Minist&eacute;rios do Desenvolvimento e da Ci&ecirc;ncia e Tecnologia estabeleceram cotas de fabrica&ccedil;&atilde;o de celulares para a recep&ccedil;&atilde;o dos sinais digitais de TV, agora ser&aacute; a vez dos fabricantes de aparelhos de TV tamb&eacute;m terem novas regras de produ&ccedil;&atilde;o. A &hellip; <a href=\"https:\/\/obscom.intervozes.org.br\/?p=22427\" class=\"more-link\">Continue lendo <span class=\"screen-reader-text\">Ind\u00fastria ter\u00e1 que ampliar fabrica\u00e7\u00e3o de aparelhos adaptados<\/span> <span class=\"meta-nav\">&rarr;<\/span><\/a><\/p>\n","protected":false},"author":1,"featured_media":0,"comment_status":"open","ping_status":"open","sticky":false,"template":"","format":"standard","meta":{"footnotes":""},"categories":[40],"tags":[79],"_links":{"self":[{"href":"https:\/\/obscom.intervozes.org.br\/index.php?rest_route=\/wp\/v2\/posts\/22427"}],"collection":[{"href":"https:\/\/obscom.intervozes.org.br\/index.php?rest_route=\/wp\/v2\/posts"}],"about":[{"href":"https:\/\/obscom.intervozes.org.br\/index.php?rest_route=\/wp\/v2\/types\/post"}],"author":[{"embeddable":true,"href":"https:\/\/obscom.intervozes.org.br\/index.php?rest_route=\/wp\/v2\/users\/1"}],"replies":[{"embeddable":true,"href":"https:\/\/obscom.intervozes.org.br\/index.php?rest_route=%2Fwp%2Fv2%2Fcomments&post=22427"}],"version-history":[{"count":0,"href":"https:\/\/obscom.intervozes.org.br\/index.php?rest_route=\/wp\/v2\/posts\/22427\/revisions"}],"wp:attachment":[{"href":"https:\/\/obscom.intervozes.org.br\/index.php?rest_route=%2Fwp%2Fv2%2Fmedia&parent=22427"}],"wp:term":[{"taxonomy":"category","embeddable":true,"href":"https:\/\/obscom.intervozes.org.br\/index.php?rest_route=%2Fwp%2Fv2%2Fcategories&post=22427"},{"taxonomy":"post_tag","embeddable":true,"href":"https:\/\/obscom.intervozes.org.br\/index.php?rest_route=%2Fwp%2Fv2%2Ftags&post=22427"}],"curies":[{"name":"wp","href":"https:\/\/api.w.org\/{rel}","templated":true}]}}