{"id":22420,"date":"2009-01-23T13:34:44","date_gmt":"2009-01-23T13:34:44","guid":{"rendered":"https:\/\/obscom.intervozes.org.br\/wordpress\/?p=22420"},"modified":"2009-01-23T13:34:44","modified_gmt":"2009-01-23T13:34:44","slug":"comeca-em-belem-edicao-mundial-do-forum-de-midia-livre","status":"publish","type":"post","link":"https:\/\/obscom.intervozes.org.br\/?p=22420","title":{"rendered":"Come\u00e7a em Bel\u00e9m edi\u00e7\u00e3o mundial do F\u00f3rum de M\u00eddia Livre"},"content":{"rendered":"<p>   \t \t \t \t \t<!-- \t\t@page { margin: 2cm } \t\tP { margin-bottom: 0.21cm } \t--> \t  <\/p>\n<p style=\"margin-bottom: 0cm\" class=\"western padrao\">Coletivos, blogueiros, movimentos sociais, acad&ecirc;micos, ONGs e ativistas de v&aacute;rias partes do mundo se re&uacute;nem nos dias 26 e 27 no F&oacute;rum Mundial de M&iacute;dia Livre, que acontece junto ao F&oacute;rum Social Mundial (FSM), em Bel&eacute;m do Par&aacute;. Sob a identidade do &ldquo;midialivrismo&rdquo; e evocando a milit&acirc;ncia contra-hegem&ocirc;nica, o evento pretende debater e, ao mesmo tempo, praticar formas de comunica&ccedil;&atilde;o alternativa.<\/p>\n<p>O primeiro F&oacute;rum de M&iacute;dia Livre ocorreu no Rio de Janeiro em junho de 2008 e contou com a participa&ccedil;&atilde;o de cerca de 500 ativistas, exaltando a pluralidade de experi&ecirc;ncias e de propostas. Desta vez, a integra&ccedil;&atilde;o ao FSM fomenta a expectativa de que participantes do Brasil e de outros pa&iacute;ses reflitam sobre a garantia do direito &agrave; comunica&ccedil;&atilde;o atrav&eacute;s da colabora&ccedil;&atilde;o entre os diversos ve&iacute;culos alternativos e &agrave; luz das novas tecnologias. <\/p>\n<p>&ldquo;Vamos tentar dar um car&aacute;ter mundial para o evento, pois contaremos com mais de uma centena de pa&iacute;ses&rdquo;, conta Renato Rovai, editor da Revista F&oacute;rum e um dos impulsionadores do F&oacute;rum de M&iacute;dia Livre. Diante da necessidade de enfrentar uma das maiores concentra&ccedil;&otilde;es de propriedade de m&iacute;dia do mundo, diz Rovai, torna-se imperativo construir novas redes de produ&ccedil;&atilde;o e troca de conte&uacute;dos. &ldquo;O evento &eacute; promovido por ve&iacute;culos de comunica&ccedil;&atilde;o que n&atilde;o se reconhecem na m&iacute;dia tradicional.&rdquo;<\/p>\n<p>Entre eles h&aacute; v&aacute;rias defini&ccedil;&otilde;es, como descreve Rita Freire, editora da Ciranda Internacional de Comunica&ccedil;&atilde;o Compartilhada e integrante do GT de comunica&ccedil;&atilde;o do FSM. &ldquo;S&atilde;o as m&iacute;dias alternativa, comunit&aacute;ria, popular, independente, enfim, que est&atilde;o fora do mercado. Elas v&atilde;o discutir como defender o direito &agrave; comunica&ccedil;&atilde;o, discutir pol&iacute;ticas p&uacute;blicas, marcos regulat&oacute;rios.&rdquo;<\/p>\n<p>De fato, &eacute; a heterogeneidade a principal caracter&iacute;stica tanto do FSM, quanto do F&oacute;rum de M&iacute;dia Livre. &Eacute; a id&eacute;ia de construir novos canais de disputa da hegemonia da informa&ccedil;&atilde;o, no entanto, que re&uacute;ne uma diversidade rara de militantes e organiza&ccedil;&otilde;es. &ldquo;Muitas pessoas est&atilde;o se reconhecendo como fazedores de m&iacute;dia&rdquo;, conta Ivana Bentes, professora da Escola de Comunica&ccedil;&atilde;o Social da Universidade Federal do Rio de Janeiro (UFRJ).<\/p>\n<p><strong>Desafios da m&iacute;dia livre<\/strong><\/p>\n<p>Como resultado desse esfor&ccedil;o, o F&oacute;rum de M&iacute;dia Livre promover&aacute; duas mesas de debate e um semin&aacute;rio, tentando abranger os desafios da m&iacute;dia livre, como a amplia&ccedil;&atilde;o da comunica&ccedil;&atilde;o compartilhada e de formas de aumentar a capacidade e abrang&ecirc;ncia destas redes de informa&ccedil;&atilde;o. Rovai acredita que o movimento atual j&aacute; &eacute; um &ldquo;ponto cr&iacute;tico da m&iacute;dia tradicional&rdquo;. Significa, para ele, que a grande m&iacute;dia n&atilde;o consegue mais ignorar a profus&atilde;o de informa&ccedil;&otilde;es por diferentes atores.<\/p>\n<p>Ivana concorda e acredita que &eacute; necess&aacute;rio fortalecer a m&iacute;dia livre apontando para um novo contexto nas comunica&ccedil;&otilde;es. &ldquo;Temos muitas iniciativas, mas que ainda n&atilde;o se comunicam entre si.&rdquo; Nesse caso, imp&otilde;e-se como desafio &ldquo;articular-se mantendo a singularidade de cada um&rdquo;. <\/p>\n<p>Para o F&oacute;rum de M&iacute;dia Livre, &eacute; o momento para reconhecer outras redes para al&eacute;m do Brasil e da Am&eacute;rica Latina. A crise econ&ocirc;mica &eacute; o pano de fundo para estas e outras discuss&otilde;es que se dar&atilde;o em Bel&eacute;m. Em um dos debates, &eacute; a pr&oacute;pria atua&ccedil;&atilde;o da m&iacute;dia corporativa diante do caos s&oacute;cio-econ&ocirc;mico, do qual tamb&eacute;m &eacute; c&uacute;mplice, que estar&aacute; no foco das aten&ccedil;&otilde;es.<\/p>\n<p><strong>Colaborativo<\/strong><\/p>\n<p>Durante o F&oacute;rum Social Mundial, ser&aacute; atrav&eacute;s de uma rede aberta de cobertura conjunta entre as m&iacute;dias n&atilde;o-comerciais que o evento se comunicar&aacute; com o mundo. Esta experi&ecirc;ncia de comunica&ccedil;&atilde;o colaborativa vem se aperfei&ccedil;oando com a seq&uuml;&ecirc;ncia de FSMs e ser&aacute; tema de um semin&aacute;rio no F&oacute;rum de M&iacute;dia Livre. <\/p>\n<p>&ldquo;Estamos discutindo a constru&ccedil;&atilde;o de modelos alternativos num contexto de destrui&ccedil;&atilde;o dos recursos do planeta e, por outro lado, buscando valorizar as diferentes culturas&rdquo;, conta Rita. Exerc&iacute;cio que sugere a supera&ccedil;&atilde;o do modelo mercadol&oacute;gico e que pretende &ldquo;eliminar o recorte da competi&ccedil;&atilde;o entre os meios de comunica&ccedil;&atilde;o&rdquo;. Para a militante da Ciranda, a colabora&ccedil;&atilde;o &eacute; o caminho para o embate com a m&iacute;dia comercial. &ldquo;Sem competi&ccedil;&atilde;o e lucro, o mercado n&atilde;o vive.&rdquo;<\/p>\n<p><strong>Perpectivas<\/strong><\/p>\n<p>Ap&oacute;s o I F&oacute;rum de M&iacute;dia Livre, em 2008, e desta sua edi&ccedil;&atilde;o mundial, &eacute; inevit&aacute;vel imaginar quais ser&atilde;o os resultados e as perspectivas em rela&ccedil;&atilde;o &agrave; afirma&ccedil;&atilde;o da m&iacute;dia livre resultantes da a&ccedil;&atilde;o de um conjunto t&atilde;o amplo de atores e diante da urg&ecirc;ncia pela democratiza&ccedil;&atilde;o da comunica&ccedil;&atilde;o no pa&iacute;s. Alguns sites e blogs brasileiros t&ecirc;m sido bem sucedidos na iniciativa de expor algumas pautas e publicizar opini&otilde;es sobre temas pol&ecirc;micos de maneira mais democr&aacute;tica do que o olhar enviesado da m&iacute;dia comercial.<\/p>\n<p>Com efeito, Renato Rovai sugere que esta seria uma &ldquo;conquista subjetiva&rdquo; da m&iacute;dia livre. &ldquo;Economia solid&aacute;ria e software livre, por exemplo, n&atilde;o se discutia na m&iacute;dia tradicional&rdquo;, lembra. Mas esta sensibiliza&ccedil;&atilde;o &eacute;, naturalmente, dif&iacute;cil de ser medida e n&atilde;o &eacute;, necessariamente, resultado de uma articula&ccedil;&atilde;o coletiva, de modo que &eacute; poss&iacute;vel destacar outros resultados concretos.<\/p>\n<p>Por exemplo, em Bel&eacute;m ser&aacute; apresentado aos participantes do F&oacute;rum Social Mundial  o edital para os Pontos de M&iacute;dia Livre, nos mesmos moldes dos Pontos de Cultura criados pelo Minist&eacute;rio da Cultura, id&eacute;ia que foi delineada pelos participantes do FML no Rio. Com o edital, o MinC premiar&aacute; 60 iniciativas de comunica&ccedil;&atilde;o compartilhada, incluindo sites, r&aacute;dios, fanzines, blogs, TVs, est&uacute;dios de produ&ccedil;&atilde;o de &aacute;udio e v&iacute;deo e outras m&iacute;dias.<\/p>\n<p>&ldquo;&Eacute; o reconhecimento de quem est&aacute; fazendo m&iacute;dia fora do campo corporativo&rdquo;, opina Ivana Bentes sobre o edital. A professora, por&eacute;m, acredita que deve haver mais pol&iacute;ticas p&uacute;blicas permanentes que d&ecirc;em sustentabilidade a esta m&iacute;dia n&atilde;o-comercial.<\/p>\n<p>Este passo, para Ivana, seria dado com a realiza&ccedil;&atilde;o da Confer&ecirc;ncia Nacional de Comunica&ccedil;&atilde;o, reivindica&ccedil;&atilde;o permanente das organiza&ccedil;&otilde;es da sociedade civil. &ldquo;O F&oacute;rum de M&iacute;dia Livre &eacute; um bom momento para pressionar para sua realiza&ccedil;&atilde;o&rdquo;, concorda Rita Freire. A confer&ecirc;ncia seria, no caso, a condi&ccedil;&atilde;o para uma transforma&ccedil;&atilde;o estrutural da realidade das comunica&ccedil;&otilde;es no Brasil atrav&eacute;s de novos marcos regulat&oacute;rios.<\/p>\n<p><strong>Verbas para todos<\/strong><\/p>\n<p>Outra quest&atilde;o que envolve diretamente o governo federal e que incidiria sobre os ve&iacute;culos de comunica&ccedil;&atilde;o n&atilde;o-comerciais &eacute; a destina&ccedil;&atilde;o de verbas para publicidade estatal. &Eacute; consenso entre os participantes do evento que o dinheiro p&uacute;blico n&atilde;o pode ser monopolizado pelas grandes empresas em detrimento de ve&iacute;culos &ldquo;que n&atilde;o aceitam dinheiro de corpora&ccedil;&otilde;es&rdquo;, como destaca Rita em rela&ccedil;&atilde;o &agrave; m&iacute;dia livre. Rovai acredita que os grandes ve&iacute;culos &ldquo;n&atilde;o informam mais sozinhos&rdquo; e que &eacute; hora de os midialivristas terem seu valor finalmente reconhecido.<\/p>\n","protected":false},"excerpt":{"rendered":"<p>Encontro, que antecede o F\u00f3rum Social Mundial, deve reunir participantes de 100 pa\u00edses e expandir as discuss\u00f5es sobre o fortalecimento de iniciativas que fa\u00e7am frente \u00e0 hegemonia dos ve\u00edculos tradicionais<\/p>\n","protected":false},"author":1,"featured_media":0,"comment_status":"open","ping_status":"open","sticky":false,"template":"","format":"standard","meta":{"footnotes":""},"categories":[40],"tags":[954],"_links":{"self":[{"href":"https:\/\/obscom.intervozes.org.br\/index.php?rest_route=\/wp\/v2\/posts\/22420"}],"collection":[{"href":"https:\/\/obscom.intervozes.org.br\/index.php?rest_route=\/wp\/v2\/posts"}],"about":[{"href":"https:\/\/obscom.intervozes.org.br\/index.php?rest_route=\/wp\/v2\/types\/post"}],"author":[{"embeddable":true,"href":"https:\/\/obscom.intervozes.org.br\/index.php?rest_route=\/wp\/v2\/users\/1"}],"replies":[{"embeddable":true,"href":"https:\/\/obscom.intervozes.org.br\/index.php?rest_route=%2Fwp%2Fv2%2Fcomments&post=22420"}],"version-history":[{"count":0,"href":"https:\/\/obscom.intervozes.org.br\/index.php?rest_route=\/wp\/v2\/posts\/22420\/revisions"}],"wp:attachment":[{"href":"https:\/\/obscom.intervozes.org.br\/index.php?rest_route=%2Fwp%2Fv2%2Fmedia&parent=22420"}],"wp:term":[{"taxonomy":"category","embeddable":true,"href":"https:\/\/obscom.intervozes.org.br\/index.php?rest_route=%2Fwp%2Fv2%2Fcategories&post=22420"},{"taxonomy":"post_tag","embeddable":true,"href":"https:\/\/obscom.intervozes.org.br\/index.php?rest_route=%2Fwp%2Fv2%2Ftags&post=22420"}],"curies":[{"name":"wp","href":"https:\/\/api.w.org\/{rel}","templated":true}]}}