{"id":22418,"date":"2009-01-22T17:39:51","date_gmt":"2009-01-22T17:39:51","guid":{"rendered":"https:\/\/obscom.intervozes.org.br\/wordpress\/?p=22418"},"modified":"2009-01-22T17:39:51","modified_gmt":"2009-01-22T17:39:51","slug":"cobertura-compartilhada-fara-divulgacao-multimidia-do-fsm-2009","status":"publish","type":"post","link":"https:\/\/obscom.intervozes.org.br\/?p=22418","title":{"rendered":"Cobertura compartilhada far\u00e1 divulga\u00e7\u00e3o multim\u00eddia do FSM 2009"},"content":{"rendered":"<p>   \t \t \t \t \t<!-- \t\t@page { margin: 2cm } \t\tP { margin-bottom: 0.21cm } \t--> \t  <\/p>\n<p style=\"margin-bottom: 0cm\" class=\"western padrao\">O trabalho conjunto de ve&iacute;culos alternativos, populares e independentes garantir&aacute; a divulga&ccedil;&atilde;o, em v&aacute;rios tipos de m&iacute;dia e de pontos de vista diversos, das atividades realizadas dentro do F&oacute;rum Social Mundial 2009. Quatro iniciativas funcionar&atilde;o em Bel&eacute;m, seguindo o princ&iacute;pio da cobertura compartilhada: a Ciranda Internacional da Informa&ccedil;&atilde;o (<a href=\"http:\/\/www.ciranda.net\" target=\"_blank\">www.ciranda.net<\/a> ), o F&oacute;rum de R&aacute;dios (<a href=\"http:\/\/www.foroderadios.org\" target=\"_blank\">www.foroderadios.org<\/a>), o F&oacute;rum de TVs (<a href=\"http:\/\/www.wsftv.net\" target=\"_blank\">www.wsftv.net<\/a> ) e o Laborat&oacute;rio de Conhecimentos Livres.<\/p>\n<p>O trabalho de cobertura compartilhada come&ccedil;ar&aacute; antes mesmo da abertura oficial do FSM, com a realiza&ccedil;&atilde;o do I Semin&aacute;rio Internacional de Comunica&ccedil;&atilde;o Compartilhada, incorporado &agrave; programa&ccedil;&atilde;o do I F&oacute;rum Mundial de M&iacute;dia Livre.<\/p>\n<p>O principal chamado proposto para a edi&ccedil;&atilde;o 2009 do FSM &eacute; o de Mobilizar Para Comunicar, situando a comunica&ccedil;&atilde;o como a&ccedil;&atilde;o pol&iacute;tica e n&atilde;o apenas canal de circula&ccedil;&atilde;o\/difus&atilde;o de informa&ccedil;&otilde;es. <\/p>\n","protected":false},"excerpt":{"rendered":"<p>O trabalho conjunto de ve&iacute;culos alternativos, populares e independentes garantir&aacute; a divulga&ccedil;&atilde;o, em v&aacute;rios tipos de m&iacute;dia e de pontos de vista diversos, das atividades realizadas dentro do F&oacute;rum Social Mundial 2009. Quatro iniciativas funcionar&atilde;o em Bel&eacute;m, seguindo o princ&iacute;pio da cobertura compartilhada: a Ciranda Internacional da Informa&ccedil;&atilde;o (www.ciranda.net ), o F&oacute;rum de R&aacute;dios (www.foroderadios.org), &hellip; <a href=\"https:\/\/obscom.intervozes.org.br\/?p=22418\" class=\"more-link\">Continue lendo <span class=\"screen-reader-text\">Cobertura compartilhada far\u00e1 divulga\u00e7\u00e3o multim\u00eddia do FSM 2009<\/span> <span class=\"meta-nav\">&rarr;<\/span><\/a><\/p>\n","protected":false},"author":1,"featured_media":0,"comment_status":"open","ping_status":"open","sticky":false,"template":"","format":"standard","meta":{"footnotes":""},"categories":[39],"tags":[],"_links":{"self":[{"href":"https:\/\/obscom.intervozes.org.br\/index.php?rest_route=\/wp\/v2\/posts\/22418"}],"collection":[{"href":"https:\/\/obscom.intervozes.org.br\/index.php?rest_route=\/wp\/v2\/posts"}],"about":[{"href":"https:\/\/obscom.intervozes.org.br\/index.php?rest_route=\/wp\/v2\/types\/post"}],"author":[{"embeddable":true,"href":"https:\/\/obscom.intervozes.org.br\/index.php?rest_route=\/wp\/v2\/users\/1"}],"replies":[{"embeddable":true,"href":"https:\/\/obscom.intervozes.org.br\/index.php?rest_route=%2Fwp%2Fv2%2Fcomments&post=22418"}],"version-history":[{"count":0,"href":"https:\/\/obscom.intervozes.org.br\/index.php?rest_route=\/wp\/v2\/posts\/22418\/revisions"}],"wp:attachment":[{"href":"https:\/\/obscom.intervozes.org.br\/index.php?rest_route=%2Fwp%2Fv2%2Fmedia&parent=22418"}],"wp:term":[{"taxonomy":"category","embeddable":true,"href":"https:\/\/obscom.intervozes.org.br\/index.php?rest_route=%2Fwp%2Fv2%2Fcategories&post=22418"},{"taxonomy":"post_tag","embeddable":true,"href":"https:\/\/obscom.intervozes.org.br\/index.php?rest_route=%2Fwp%2Fv2%2Ftags&post=22418"}],"curies":[{"name":"wp","href":"https:\/\/api.w.org\/{rel}","templated":true}]}}