{"id":22417,"date":"2009-01-22T17:28:36","date_gmt":"2009-01-22T17:28:36","guid":{"rendered":"https:\/\/obscom.intervozes.org.br\/wordpress\/?p=22417"},"modified":"2009-01-22T17:28:36","modified_gmt":"2009-01-22T17:28:36","slug":"mpf-espera-documentos-para-avancar-investigacao","status":"publish","type":"post","link":"https:\/\/obscom.intervozes.org.br\/?p=22417","title":{"rendered":"MPF espera documentos para avan\u00e7ar investiga\u00e7\u00e3o"},"content":{"rendered":"<p>   \t \t \t \t \t<!-- \t\t@page { margin: 2cm } \t\tP { margin-bottom: 0.21cm } \t--> \t  <\/p>\n<p style=\"margin-bottom: 0cm\" class=\"western\"><span class=\"padrao\"><a name=\"lblTitulo1\" title=\"lblTitulo1\"><\/a><\/span><\/p>\n<p style=\"margin-bottom: 0cm\" class=\"western padrao\">Mesmo aprovada pela Ag&ecirc;ncia Nacional de Telecomunica&ccedil;&otilde;es (Anatel), a compra da Brasil Telecom pela Oi ainda pode causar problemas &agrave; ag&ecirc;ncia reguladora. Al&eacute;m do acompanhamento do Tribunal de Contas da Uni&atilde;o (TCU), a Procuradoria da Rep&uacute;blica no Distrito Federal tamb&eacute;m n&atilde;o parou suas an&aacute;lises sobre o caso. O procurador Paulo Jos&eacute; da Rocha J&uacute;nior pediu uma s&eacute;rie de documentos &agrave; Anatel para continuar sua avalia&ccedil;&atilde;o sobre a atua&ccedil;&atilde;o da ag&ecirc;ncia neste processo. O MPF, contudo, ainda n&atilde;o recebeu a papelada solicitada. <\/p>\n<p>O pedido foi feito depois de o procurador ter tentado uma liminar (mandado de seguran&ccedil;a) na Justi&ccedil;a Federal para suspender a delibera&ccedil;&atilde;o da Anatel sobre a anu&ecirc;ncia para a compra da Brasil Telecom pela Oi. A Justi&ccedil;a acabou n&atilde;o analisando a solicita&ccedil;&atilde;o antes da reuni&atilde;o que aprovou o neg&oacute;cio, o que fez com que a emiss&atilde;o da liminar ficasse prejudicada. Ap&oacute;s esse epis&oacute;dio, o procurador solicitou &agrave; Anatel c&oacute;pia da &iacute;ntegra da decis&atilde;o que aprovou a compra da BrT, al&eacute;m dos votos de todos os conselheiros. Ap&oacute;s a an&aacute;lise desse material, o procurador avaliar&aacute; se tomar&aacute; outras medidas sobre o assunto. <\/p>\n<p>Rocha J&uacute;nior j&aacute; possui pelo menos uma parte do processo que a Anatel conduziu sobre a opera&ccedil;&atilde;o de compra da BrT. O procurador solicitou &#8211; e, neste caso, teve acesso imediato &#8211; a documenta&ccedil;&atilde;o referente ao uso de um custodiante (Credit Suisse) na opera&ccedil;&atilde;o. Este caso, que tem uma tramita&ccedil;&atilde;o independente do pedido de anu&ecirc;ncia pr&eacute;via, inclui an&aacute;lise jur&iacute;dica em que constam suspeitas de controle vedado por parte da Oi na BrT. Houve, inclusive, uma recomenda&ccedil;&atilde;o do pr&oacute;prio Conselho Diretor da Anatel para que a &aacute;rea t&eacute;cnica analisasse novamente os ind&iacute;cios levantados pela &aacute;rea jur&iacute;dica, o que ainda n&atilde;o foi conclu&iacute;do.<\/p>\n","protected":false},"excerpt":{"rendered":"<p>Mesmo aprovada pela Ag&ecirc;ncia Nacional de Telecomunica&ccedil;&otilde;es (Anatel), a compra da Brasil Telecom pela Oi ainda pode causar problemas &agrave; ag&ecirc;ncia reguladora. Al&eacute;m do acompanhamento do Tribunal de Contas da Uni&atilde;o (TCU), a Procuradoria da Rep&uacute;blica no Distrito Federal tamb&eacute;m n&atilde;o parou suas an&aacute;lises sobre o caso. O procurador Paulo Jos&eacute; da Rocha J&uacute;nior pediu &hellip; <a href=\"https:\/\/obscom.intervozes.org.br\/?p=22417\" class=\"more-link\">Continue lendo <span class=\"screen-reader-text\">MPF espera documentos para avan\u00e7ar investiga\u00e7\u00e3o<\/span> <span class=\"meta-nav\">&rarr;<\/span><\/a><\/p>\n","protected":false},"author":1,"featured_media":0,"comment_status":"open","ping_status":"open","sticky":false,"template":"","format":"standard","meta":{"footnotes":""},"categories":[40],"tags":[859],"_links":{"self":[{"href":"https:\/\/obscom.intervozes.org.br\/index.php?rest_route=\/wp\/v2\/posts\/22417"}],"collection":[{"href":"https:\/\/obscom.intervozes.org.br\/index.php?rest_route=\/wp\/v2\/posts"}],"about":[{"href":"https:\/\/obscom.intervozes.org.br\/index.php?rest_route=\/wp\/v2\/types\/post"}],"author":[{"embeddable":true,"href":"https:\/\/obscom.intervozes.org.br\/index.php?rest_route=\/wp\/v2\/users\/1"}],"replies":[{"embeddable":true,"href":"https:\/\/obscom.intervozes.org.br\/index.php?rest_route=%2Fwp%2Fv2%2Fcomments&post=22417"}],"version-history":[{"count":0,"href":"https:\/\/obscom.intervozes.org.br\/index.php?rest_route=\/wp\/v2\/posts\/22417\/revisions"}],"wp:attachment":[{"href":"https:\/\/obscom.intervozes.org.br\/index.php?rest_route=%2Fwp%2Fv2%2Fmedia&parent=22417"}],"wp:term":[{"taxonomy":"category","embeddable":true,"href":"https:\/\/obscom.intervozes.org.br\/index.php?rest_route=%2Fwp%2Fv2%2Fcategories&post=22417"},{"taxonomy":"post_tag","embeddable":true,"href":"https:\/\/obscom.intervozes.org.br\/index.php?rest_route=%2Fwp%2Fv2%2Ftags&post=22417"}],"curies":[{"name":"wp","href":"https:\/\/api.w.org\/{rel}","templated":true}]}}