{"id":22414,"date":"2009-01-21T17:07:08","date_gmt":"2009-01-21T17:07:08","guid":{"rendered":"https:\/\/obscom.intervozes.org.br\/wordpress\/?p=22414"},"modified":"2009-01-21T17:07:08","modified_gmt":"2009-01-21T17:07:08","slug":"para-a-pro-teste-decisao-da-anatel-e-boa-mas-decreto-continuara-ilegal","status":"publish","type":"post","link":"https:\/\/obscom.intervozes.org.br\/?p=22414","title":{"rendered":"Para a Pro Teste, decis\u00e3o da Anatel \u00e9 boa, mas decreto continuar\u00e1 ilegal"},"content":{"rendered":"<p>   \t \t \t \t \t<!-- \t\t@page { margin: 2cm } \t\tP { margin-bottom: 0.21cm } \t--> \t    <\/p>\n<p style=\"margin-bottom: 0cm\" class=\"western padrao\">A advogada da Associa&ccedil;&atilde;o Brasileira de Defesa do Consumidor &#8211; Pro Teste, Fl&aacute;via Lef&egrave;vre, disse que a decis&atilde;o da Ag&ecirc;ncia Nacional de Telecomunica&ccedil;&otilde;es (Anatel) de explicitar a reversibilidade do backhaul no termo aditivo do decreto sobre o Plano Geral de Metas de Universaliza&ccedil;&atilde;o (PGMU) n&atilde;o interfere na a&ccedil;&atilde;o que a entidade move contra a troca das metas de universaliza&ccedil;&atilde;o. &quot;O que pode resultar disso &eacute; um preju&iacute;zo menor para o cidad&atilde;o, j&aacute; que a infraestrutura de banda larga ser&aacute; reconhecida como um bem p&uacute;blico&quot;, disse. Ela, entretanto, ainda duvida da concord&acirc;ncia das operadoras &agrave; proposta da ag&ecirc;ncia.<\/p>\n<p>Segundo Fl&aacute;via, autora da a&ccedil;&atilde;o que resultou na liminar, o objetivo da Pro Teste &eacute; declarar a nulidade do Decreto n&ordm; 4.769\/2003, do novo PGMU do Servi&ccedil;o Telef&ocirc;nico Fixo Comutado prestado no regime p&uacute;blico, e do Decreto n&ordm; 6.424\/2008, que alterou essas metas, bem como para os aditamentos aos contratos de concess&atilde;o firmados em abril do ano passado, que propiciou a troca de Postos de Servi&ccedil;os de Telecomunica&ccedil;&otilde;es (PSTs) por backhaul (rede de banda larga), porque a universaliza&ccedil;&atilde;o da infraestrutura de STFC j&aacute; foi feita. &quot;Em dezembro de 2005, quando os contratos de concess&atilde;o foram renovados, a Anatel, como determina a LGT [Lei Geral de Telecomunica&ccedil;&otilde;es], atestou o cumprimento dessas metas&quot;, disse.<\/p>\n<p>A entidade defende o fim das metas de universaliza&ccedil;&atilde;o para que as tarifas da telefonia fixa caiam. &quot;A Pro Teste nunca se engajou aos movimentos pelo fim da assinatura b&aacute;sica porque entendia que era preciso universalizar a rede, que foi completada em 2005&quot;, disse a advogada. A entidade agora defende que, ao inv&eacute;s da assinatura b&aacute;sica, as operadoras fixas adotem a tarifa <em>flat<\/em> &#8211; que compreende um valor fixo, entre R$ 10 a R$ 13 mensais para as liga&ccedil;&otilde;es locais e a livre competi&ccedil;&atilde;o na tarifa&ccedil;&atilde;o de liga&ccedil;&atilde;o para celulares e &agrave; dist&acirc;ncia.<\/p>\n<p>Fl&aacute;via Lef&egrave;vre acha que a liminar pode ser cassada, porque com a inclus&atilde;o da reversibilidade do backhaul no termo aditivo acaba com o risco grave de preju&iacute;zos aos cofres p&uacute;blicos, mas n&atilde;o dever&aacute; interferir na aprecia&ccedil;&atilde;o do m&eacute;rito da a&ccedil;&atilde;o. &quot;Os desembargadores v&atilde;o julgar se o backhaul &eacute; uma rede essencial ao STFC e se pode prestar servi&ccedil;o p&uacute;blico, j&aacute; que depende do SCM [Servi&ccedil;o de Comunica&ccedil;&atilde;o Multim&iacute;dia], que &eacute; prestado em regime privado [a &uacute;ltima milha]&quot;, disse. Segundo ela, essas quest&otilde;es ser&atilde;o analisadas por per&iacute;cia t&eacute;cnica.<\/p>\n","protected":false},"excerpt":{"rendered":"<p>A advogada da Associa&ccedil;&atilde;o Brasileira de Defesa do Consumidor &#8211; Pro Teste, Fl&aacute;via Lef&egrave;vre, disse que a decis&atilde;o da Ag&ecirc;ncia Nacional de Telecomunica&ccedil;&otilde;es (Anatel) de explicitar a reversibilidade do backhaul no termo aditivo do decreto sobre o Plano Geral de Metas de Universaliza&ccedil;&atilde;o (PGMU) n&atilde;o interfere na a&ccedil;&atilde;o que a entidade move contra a troca &hellip; <a href=\"https:\/\/obscom.intervozes.org.br\/?p=22414\" class=\"more-link\">Continue lendo <span class=\"screen-reader-text\">Para a Pro Teste, decis\u00e3o da Anatel \u00e9 boa, mas decreto continuar\u00e1 ilegal<\/span> <span class=\"meta-nav\">&rarr;<\/span><\/a><\/p>\n","protected":false},"author":1,"featured_media":0,"comment_status":"open","ping_status":"open","sticky":false,"template":"","format":"standard","meta":{"footnotes":""},"categories":[40],"tags":[920],"_links":{"self":[{"href":"https:\/\/obscom.intervozes.org.br\/index.php?rest_route=\/wp\/v2\/posts\/22414"}],"collection":[{"href":"https:\/\/obscom.intervozes.org.br\/index.php?rest_route=\/wp\/v2\/posts"}],"about":[{"href":"https:\/\/obscom.intervozes.org.br\/index.php?rest_route=\/wp\/v2\/types\/post"}],"author":[{"embeddable":true,"href":"https:\/\/obscom.intervozes.org.br\/index.php?rest_route=\/wp\/v2\/users\/1"}],"replies":[{"embeddable":true,"href":"https:\/\/obscom.intervozes.org.br\/index.php?rest_route=%2Fwp%2Fv2%2Fcomments&post=22414"}],"version-history":[{"count":0,"href":"https:\/\/obscom.intervozes.org.br\/index.php?rest_route=\/wp\/v2\/posts\/22414\/revisions"}],"wp:attachment":[{"href":"https:\/\/obscom.intervozes.org.br\/index.php?rest_route=%2Fwp%2Fv2%2Fmedia&parent=22414"}],"wp:term":[{"taxonomy":"category","embeddable":true,"href":"https:\/\/obscom.intervozes.org.br\/index.php?rest_route=%2Fwp%2Fv2%2Fcategories&post=22414"},{"taxonomy":"post_tag","embeddable":true,"href":"https:\/\/obscom.intervozes.org.br\/index.php?rest_route=%2Fwp%2Fv2%2Ftags&post=22414"}],"curies":[{"name":"wp","href":"https:\/\/api.w.org\/{rel}","templated":true}]}}