{"id":22410,"date":"2009-01-21T16:29:23","date_gmt":"2009-01-21T16:29:23","guid":{"rendered":"https:\/\/obscom.intervozes.org.br\/wordpress\/?p=22410"},"modified":"2009-01-21T16:29:23","modified_gmt":"2009-01-21T16:29:23","slug":"forum-de-radios-disponibiliza-cobertura-do-fsm-para-emissoras-livres-e-comunitarias","status":"publish","type":"post","link":"https:\/\/obscom.intervozes.org.br\/?p=22410","title":{"rendered":"F\u00f3rum de R\u00e1dios disponibiliza cobertura do FSM para emissoras livres e comunit\u00e1rias"},"content":{"rendered":"<p>   \t \t \t \t \t<!-- \t\t@page { margin: 2cm } \t\tP { margin-bottom: 0.21cm } \t--> \t  <\/p>\n<p style=\"margin-bottom: 0cm\" class=\"western padrao\">O F&oacute;rum de R&aacute;dios no F&oacute;rum Social Mundial disponibilizar&aacute; conte&uacute;do di&aacute;rio sobre o evento, que come&ccedil;a no dia 27 de janeiro, em Bel&eacute;m, para reprodu&ccedil;&atilde;o por r&aacute;dios livres e comunit&aacute;rias em todo o mundo. Os programas produzidos pelos comunicadores que participam do FSM estar&atilde;o dispon&iacute;veis para reprodu&ccedil;&atilde;o no site <a href=\"http:\/\/www.foroderadios.org\/\">www.foroderadios.org<\/a><a href=\"http:\/\/www.foroderadios.org\/\"><\/p>\n<p><\/a>A Ag&ecirc;ncia Pulsar, que tamb&eacute;m faz parte do F&oacute;rum de R&aacute;dios, disponibilizar&aacute; sua programa&ccedil;&atilde;o em duas l&iacute;nguas (portugu&ecirc;s e espanhol). A ag&ecirc;ncia cobrir&aacute; tamb&eacute;m o F&oacute;rum Mundial de M&iacute;dia Livre, que come&ccedil;a no dia 26.<\/p>\n<p><em>* Com informa&ccedil;&otilde;es da Ag&ecirc;ncia Pulsar.<\/em><\/p>\n","protected":false},"excerpt":{"rendered":"<p>O F&oacute;rum de R&aacute;dios no F&oacute;rum Social Mundial disponibilizar&aacute; conte&uacute;do di&aacute;rio sobre o evento, que come&ccedil;a no dia 27 de janeiro, em Bel&eacute;m, para reprodu&ccedil;&atilde;o por r&aacute;dios livres e comunit&aacute;rias em todo o mundo. Os programas produzidos pelos comunicadores que participam do FSM estar&atilde;o dispon&iacute;veis para reprodu&ccedil;&atilde;o no site www.foroderadios.org A Ag&ecirc;ncia Pulsar, que tamb&eacute;m &hellip; <a href=\"https:\/\/obscom.intervozes.org.br\/?p=22410\" class=\"more-link\">Continue lendo <span class=\"screen-reader-text\">F\u00f3rum de R\u00e1dios disponibiliza cobertura do FSM para emissoras livres e comunit\u00e1rias<\/span> <span class=\"meta-nav\">&rarr;<\/span><\/a><\/p>\n","protected":false},"author":1,"featured_media":0,"comment_status":"open","ping_status":"open","sticky":false,"template":"","format":"standard","meta":{"footnotes":""},"categories":[39],"tags":[],"_links":{"self":[{"href":"https:\/\/obscom.intervozes.org.br\/index.php?rest_route=\/wp\/v2\/posts\/22410"}],"collection":[{"href":"https:\/\/obscom.intervozes.org.br\/index.php?rest_route=\/wp\/v2\/posts"}],"about":[{"href":"https:\/\/obscom.intervozes.org.br\/index.php?rest_route=\/wp\/v2\/types\/post"}],"author":[{"embeddable":true,"href":"https:\/\/obscom.intervozes.org.br\/index.php?rest_route=\/wp\/v2\/users\/1"}],"replies":[{"embeddable":true,"href":"https:\/\/obscom.intervozes.org.br\/index.php?rest_route=%2Fwp%2Fv2%2Fcomments&post=22410"}],"version-history":[{"count":0,"href":"https:\/\/obscom.intervozes.org.br\/index.php?rest_route=\/wp\/v2\/posts\/22410\/revisions"}],"wp:attachment":[{"href":"https:\/\/obscom.intervozes.org.br\/index.php?rest_route=%2Fwp%2Fv2%2Fmedia&parent=22410"}],"wp:term":[{"taxonomy":"category","embeddable":true,"href":"https:\/\/obscom.intervozes.org.br\/index.php?rest_route=%2Fwp%2Fv2%2Fcategories&post=22410"},{"taxonomy":"post_tag","embeddable":true,"href":"https:\/\/obscom.intervozes.org.br\/index.php?rest_route=%2Fwp%2Fv2%2Ftags&post=22410"}],"curies":[{"name":"wp","href":"https:\/\/api.w.org\/{rel}","templated":true}]}}