{"id":22408,"date":"2009-01-21T13:34:37","date_gmt":"2009-01-21T13:34:37","guid":{"rendered":"https:\/\/obscom.intervozes.org.br\/wordpress\/?p=22408"},"modified":"2014-09-07T02:58:04","modified_gmt":"2014-09-07T02:58:04","slug":"comunitarias-mantem-pe-atras-com-projeto-do-executivo","status":"publish","type":"post","link":"https:\/\/obscom.intervozes.org.br\/?p=22408","title":{"rendered":"Comunit\u00e1rias mant\u00eam &#8220;p\u00e9 atr\u00e1s&#8221; com projeto do Executivo"},"content":{"rendered":"<p>   \t \t \t \t \t<!-- \t\t@page { margin: 2cm } \t\tP { margin-bottom: 0.21cm } \t--> \t  <\/p>\n<p style=\"margin-bottom: 0cm\" class=\"western padrao\">&Eacute; com grande desconfian&ccedil;a que as entidades e organiza&ccedil;&otilde;es da sociedade civil receberam o projeto de lei redigido pelo Executivo e enviado ao Congresso Nacional com o objetivo de propor a descriminaliza&ccedil;&atilde;o do ato de operar servi&ccedil;o de radiodifus&atilde;o sem concess&atilde;o. Al&eacute;m dos pr&oacute;prios n&oacute;s envolvendo uma nova regulamenta&ccedil;&atilde;o, justificam o &ldquo;p&eacute; atr&aacute;s&rdquo; lembrando a conturbada rela&ccedil;&atilde;o entre o governo Lula e as r&aacute;dios comunit&aacute;rias, marcada pela continuidade da persegui&ccedil;&atilde;o e fechamento de emissoras.<\/p>\n<p>O envio do projeto ao Congresso foi registrado no Di&aacute;rio Oficial da Uni&atilde;o no &uacute;ltimo dia 15 <a href=\"http:\/\/localhost\/intervozes_direitoacomunicacao\/wordpress\/?p=22389\">[saiba mais]<\/a> . O teor completo do documento ainda &eacute; desconhecido, mas as informa&ccedil;&otilde;es repassadas pelo Minist&eacute;rio da Justi&ccedil;a apontam perspectivas positivas para os cidad&atilde;os acusados criminalmente por operar r&aacute;dios comunit&aacute;rias sem autoriza&ccedil;&atilde;o. No entanto, o projeto cria severas puni&ccedil;&otilde;es administrativas que podem at&eacute; mesmo inviabilizar o funcionamento de muitas delas.<\/p>\n<p>O grande m&eacute;rito da proposta &eacute;, evidentemente, o fim das puni&ccedil;&otilde;es na esfera criminal. O texto produzido pelo Minist&eacute;rio da Justi&ccedil;a (MJ), com apoio da Casa Civil, altera o Artigo 183 da Lei Geral de Telecomunica&ccedil;&otilde;es, acabando com as san&ccedil;&otilde;es penais &agrave; transmiss&atilde;o clandestina de telecomunica&ccedil;&otilde;es que seja identificada como radiodifus&atilde;o. Revoga tamb&eacute;m o Artigo 70 do C&oacute;digo Brasileiro de Telecomunica&ccedil;&otilde;es, que criminaliza &ldquo;a instala&ccedil;&atilde;o ou utiliza&ccedil;&atilde;o de telecomunica&ccedil;&otilde;es, sem observ&acirc;ncia do disposto nesta Lei e nos regulamentos&rdquo;.<\/p>\n<p style=\"margin-bottom: 0cm\" class=\"western padrao\">S&atilde;o justamente esses dois artigos utilizados para justificar a pris&atilde;o e abertura de processos criminais contra os respons&aacute;veis pelas emissoras comunit&aacute;rias. O entendimento do governo &eacute; de que deve ser considerado crime apenas o que atenta contra os &ldquo;bens jur&iacute;dicos da humanidade&rdquo;, ou seja, n&atilde;o causa preju&iacute;zos a ningu&eacute;m. Portanto, o mero funcionamento de uma r&aacute;dio n&atilde;o poderia ser considerado crime, mesmo a emissora estando em desacordo com a lei. <\/p>\n<p>Segundo informa o MJ, a proposta inclui ainda uma mudan&ccedil;a no C&oacute;digo Penal. Este passaria a prever como crime apenas a transmiss&atilde;o de sinais de radiodifus&atilde;o &ndash; autorizada ou n&atilde;o &ndash; que cause danos &agrave; seguran&ccedil;a ou &agrave; sa&uacute;de, por exemplo, interferindo na comunica&ccedil;&atilde;o da pol&iacute;cia ou entre ambul&acirc;ncias.<\/p>\n<p style=\"margin-bottom: 0cm\" class=\"western padrao\">&ldquo;&Eacute; um projeto que tem uma parte positiva e outra negativa&rdquo;, avalia Jos&eacute; Lu&iacute;s S&oacute;ter, presidente da Associa&ccedil;&atilde;o Brasileira de R&aacute;dios Comunit&aacute;rias (Abra&ccedil;o). &ldquo;A positiva &eacute; que descriminaliza o ato de praticar radiodifus&atilde;o e n&atilde;o haver&aacute; respaldo da lei para as invas&otilde;es da Pol&iacute;cia Federal e da Anatel. Mas, por outro lado, as penas administrativas s&atilde;o muito fortes.&rdquo;<\/p>\n<p>E &eacute; exatamente no recrudescimento das san&ccedil;&otilde;es civis que se instala a inseguran&ccedil;a das organiza&ccedil;&otilde;es. Para Br&aacute;ulio Ribeiro, membro do Intervozes &ndash; Coletivo Brasil de Comunica&ccedil;&atilde;o Social, &ldquo;n&atilde;o h&aacute; d&uacute;vidas de que qualquer iniciativa no sentido de descriminalizar a pr&aacute;tica da radiodifus&atilde;o comunit&aacute;ria &eacute; importante&rdquo;. &ldquo;O problema &eacute; que, no caso do projeto do governo, o endurecimento das penas administrativas &eacute; absolutamente despropositado e cria efeitos muito negativos&rdquo;, avalia.<\/p>\n<p><strong>Comunit&aacute;rias x Comerciais<\/p>\n<p><\/strong>Ao tratar da descriminaliza&ccedil;&atilde;o, o projeto em pauta n&atilde;o distingue a natureza da programa&ccedil;&atilde;o veiculada ou da organiza&ccedil;&atilde;o respons&aacute;vel pela emissora considerada n&atilde;o-autorizada. Neste caso, seriam beneficiadas por estas modifica&ccedil;&otilde;es tanto as r&aacute;dios comunit&aacute;rias, como r&aacute;dios e TVs de car&aacute;ter comercial que operem sem a devida licen&ccedil;a. <\/p>\n<p>No entanto, como o funcionamento de uma emissora permanece como um il&iacute;cito civil, as san&ccedil;&otilde;es administrativas seguem valendo. Neste caso, a n&atilde;o-distin&ccedil;&atilde;o entre emissoras de car&aacute;ter comunit&aacute;rio e aquelas que visam apenas interesses particulares implicaria em distor&ccedil;&otilde;es nas puni&ccedil;&otilde;es.<\/p>\n<p>Para Sophia Hammoe, da Associa&ccedil;&atilde;o Mundial de R&aacute;dios Comunit&aacute;rias (Amarc), &eacute; positivo que a lei passe a tratar de forma id&ecirc;ntica qualquer tipo de transmiss&atilde;o para que n&atilde;o mais apenas as comunit&aacute;rias apare&ccedil;am como &ldquo;criminosas&rdquo;. No entanto, ela acredita que deveria haver penas diferenciadas, pois as comerciais n&atilde;o-autorizadas obt&ecirc;m lucro financeiro com a atividade.<\/p>\n<p>O problema &eacute; que o projeto faz esta diferencia&ccedil;&atilde;o ao avesso do que espera a diretora da Amarc. A proposta do governo n&atilde;o modifica as san&ccedil;&otilde;es previstas no CBT ou na LGT para a radiodifus&atilde;o n&atilde;o-autorizada, mas prev&ecirc; modifica&ccedil;&otilde;es nas puni&ccedil;&otilde;es previstas na Lei 9.612\/98, que regulamenta a radiodifus&atilde;o comunit&aacute;ria. Ou seja, endurece o tratamento dispensado &agrave;s comunit&aacute;rias.<\/p>\n<p>&ldquo;N&atilde;o h&aacute; diferencia&ccedil;&atilde;o em rela&ccedil;&atilde;o &agrave; criminaliza&ccedil;&atilde;o, mas o projeto penaliza ainda mais as comunit&aacute;rias&rdquo;, avalia Sabrina Durigon Marques, advogada do Escrit&oacute;rio Modelo Dom Paulo Evaristo Arns da PUC-SP.<\/p>\n<p style=\"margin-bottom: 0cm\" class=\"western\"><span class=\"padrao\"><strong>Multa em aberto<\/strong><\/span><\/p>\n<p style=\"margin-bottom: 0cm\" class=\"western padrao\">Segundo informa&ccedil;&otilde;es do MJ, o texto que est&aacute; sendo finalizado prop&otilde;e novas san&ccedil;&otilde;es &agrave; r&aacute;dio comunit&aacute;ria funcionando sem autoriza&ccedil;&atilde;o: a apreens&atilde;o dos equipamentos, multa e suspens&atilde;o do processo de autoriza&ccedil;&atilde;o da outorga ou a proibi&ccedil;&atilde;o de que a associa&ccedil;&atilde;o possa se habilitar para um novo processo at&eacute; o pagamento da multa.<\/p>\n<p>Entre outras indefini&ccedil;&otilde;es, a proposta do MJ n&atilde;o define os valores das multas. &rdquo;Isso &eacute; perigos&iacute;ssimo. Se algum governo quiser impedir a pr&aacute;tica da radiodifus&atilde;o comunit&aacute;ria basta estabelecer um valor impratic&aacute;vel&rdquo;, afirma Ribeiro.<\/p>\n<p style=\"margin-bottom: 0cm\" class=\"western padrao\">Para S&oacute;ter, isso poderia significar o fim de muitas r&aacute;dios. &rdquo;Deveria haver advert&ecirc;ncias, prazos e uma quantifica&ccedil;&atilde;o, pois se ficar em aberto quem estiver com o &lsquo;bloco na m&atilde;o&rsquo; decidir&aacute;.&rdquo;<\/p>\n<p><strong>Puni&ccedil;&otilde;es para as autorizadas<\/strong><\/p>\n<p>O projeto tamb&eacute;m pretende modificar as puni&ccedil;&otilde;es para irregularidades cometidas por r&aacute;dios comunit&aacute;rias autorizadas no que diz respeito &agrave; veicula&ccedil;&atilde;o de publicidade, uso de equipamentos fora das especifica&ccedil;&otilde;es e a pr&aacute;tica de proselitismo de qualquer natureza, entre outras. Nestes casos, estabelece tr&ecirc;s categorias de infra&ccedil;&otilde;es: regulares, graves e grav&iacute;ssimas. <\/p>\n<p>As chamadas infra&ccedil;&otilde;es grav&iacute;ssimas n&atilde;o prev&ecirc;em o escalonamento de penas, existente em todas as leis de radiodifus&atilde;o ou telecomunica&ccedil;&otilde;es. Nesta categoria, s&atilde;o inclu&iacute;das a pr&aacute;tica de proselitismo, a transfer&ecirc;ncia da autoriza&ccedil;&atilde;o a terceiros e a transmiss&atilde;o n&atilde;o-autorizada.<\/p>\n<p>Questiona-se, portanto, qual seria a motiva&ccedil;&atilde;o do Executivo em levar a cabo um projeto com estas previs&otilde;es extras em rela&ccedil;&atilde;o &agrave; radiodifus&atilde;o comunit&aacute;ria quando apenas o seu objeto central &ndash; a descriminaliza&ccedil;&atilde;o da pr&aacute;tica de radiodifus&atilde;o n&atilde;o-autorizada &ndash; j&aacute; causaria suficiente pol&ecirc;mica.<\/p>\n<p style=\"margin-bottom: 0cm\" class=\"western padrao\">&ldquo;O governo Lula tem uma d&iacute;vida com o movimento de radiodifus&atilde;o comunit&aacute;ria e acha se ao menos essa iniciativa, da descriminaliza&ccedil;&atilde;o, n&atilde;o for tomada agora, n&atilde;o haver&aacute; mais tempo para, ainda durante a gest&atilde;o do Lula, aprovar o projeto no Congresso&rdquo;, acredita Ribeiro. &ldquo;No entanto, o setor da comunica&ccedil;&atilde;o esteve, e continua a estar, subordinado ao interesse dos radiodifusores comerciais.&rdquo; <\/p>\n<p>Ou seja, a proximidade do fim do mandato imporia uma agenda ainda muito difusa de &ldquo;ressarcimento&rdquo; aos movimentos populares. Mas, sendo as Comunica&ccedil;&otilde;es um dos setores mais conservadores do governo, a compensa&ccedil;&atilde;o aos interesses do setor privado pode acabar suplantando as boas inten&ccedil;&otilde;es.<\/p>\n","protected":false},"excerpt":{"rendered":"<p>Organiza\u00e7\u00f5es avaliam que, ao ampliar as san\u00e7\u00f5es administrativas apenas para as comunit\u00e1rias, projeto do Executivo que descriminaliza a radiodifus\u00e3o n\u00e3o-autorizada n\u00e3o diminuir\u00e1 press\u00e3o sobre essas emissoras<\/p>\n","protected":false},"author":1,"featured_media":0,"comment_status":"open","ping_status":"open","sticky":false,"template":"","format":"standard","meta":{"footnotes":""},"categories":[40],"tags":[230],"_links":{"self":[{"href":"https:\/\/obscom.intervozes.org.br\/index.php?rest_route=\/wp\/v2\/posts\/22408"}],"collection":[{"href":"https:\/\/obscom.intervozes.org.br\/index.php?rest_route=\/wp\/v2\/posts"}],"about":[{"href":"https:\/\/obscom.intervozes.org.br\/index.php?rest_route=\/wp\/v2\/types\/post"}],"author":[{"embeddable":true,"href":"https:\/\/obscom.intervozes.org.br\/index.php?rest_route=\/wp\/v2\/users\/1"}],"replies":[{"embeddable":true,"href":"https:\/\/obscom.intervozes.org.br\/index.php?rest_route=%2Fwp%2Fv2%2Fcomments&post=22408"}],"version-history":[{"count":1,"href":"https:\/\/obscom.intervozes.org.br\/index.php?rest_route=\/wp\/v2\/posts\/22408\/revisions"}],"predecessor-version":[{"id":28001,"href":"https:\/\/obscom.intervozes.org.br\/index.php?rest_route=\/wp\/v2\/posts\/22408\/revisions\/28001"}],"wp:attachment":[{"href":"https:\/\/obscom.intervozes.org.br\/index.php?rest_route=%2Fwp%2Fv2%2Fmedia&parent=22408"}],"wp:term":[{"taxonomy":"category","embeddable":true,"href":"https:\/\/obscom.intervozes.org.br\/index.php?rest_route=%2Fwp%2Fv2%2Fcategories&post=22408"},{"taxonomy":"post_tag","embeddable":true,"href":"https:\/\/obscom.intervozes.org.br\/index.php?rest_route=%2Fwp%2Fv2%2Ftags&post=22408"}],"curies":[{"name":"wp","href":"https:\/\/api.w.org\/{rel}","templated":true}]}}