{"id":22402,"date":"2009-01-20T15:26:51","date_gmt":"2009-01-20T15:26:51","guid":{"rendered":"https:\/\/obscom.intervozes.org.br\/wordpress\/?p=22402"},"modified":"2009-01-20T15:26:51","modified_gmt":"2009-01-20T15:26:51","slug":"nova-reuniao-na-anatel-avaliara-implantacao-do-backhaul","status":"publish","type":"post","link":"https:\/\/obscom.intervozes.org.br\/?p=22402","title":{"rendered":"Nova reuni\u00e3o na Anatel avaliar\u00e1 implanta\u00e7\u00e3o do backhaul"},"content":{"rendered":"<p>   \t \t \t \t \t<!-- \t\t@page { margin: 2cm } \t\tP { margin-bottom: 0.21cm } \t--> \t   <\/p>\n<p style=\"margin-bottom: 0cm\" class=\"western padrao\">A avalia&ccedil;&atilde;o do programa de implanta&ccedil;&atilde;o do backhaul pelas operadoras de telefonia fixa ser&aacute; tema de reuni&atilde;o amanh&atilde; (20) na Ag&ecirc;ncia Nacional de Telecomunica&ccedil;&otilde;es (Anatel), sem a presen&ccedil;a de outros setores do governo. Al&eacute;m da quest&atilde;o de descumprimento das metas, ser&aacute; tratada tamb&eacute;m a estrat&eacute;gia a ser adotada pela ag&ecirc;ncia para sustar a liminar que suspendeu os efeitos do decreto do novo Plano Geral de Metas de Universaliza&ccedil;&atilde;o (PGMU), que propiciou a troca de Postos de Servi&ccedil;os de Telecomunica&ccedil;&otilde;es (PSTs) por backhaul em 3.439 munic&iacute;pios, at&eacute; 2010. <\/p>\n<p>Semana passada, a ag&ecirc;ncia divulgou que a Oi foi a &uacute;nica operadora a n&atilde;o cumprir a meta estabelecida at&eacute; dezembro de 2008, levando a infraestrutura a apenas 561 dos 1092 munic&iacute;pios previstos. Brasil Telecom e Telef&ocirc;nica superaram suas metas. No total, foram implantadas as redes de banda larga em 855 munic&iacute;pios, dos 1.376 previstos. A Casa Civil e o Minist&eacute;rio das Comunica&ccedil;&otilde;es n&atilde;o participam da reuni&atilde;o alegando que esse &eacute; um assunto da Anatel.<\/p>\n<p>A Oi alega que as dificuldades para implanta&ccedil;&atilde;o do backhaul foram ainda maiores em fun&ccedil;&atilde;o da grande extens&atilde;o territorial, do volume de torres relacionados ao cumprimento das metas e, ainda, da limita&ccedil;&atilde;o da oferta de torres e equipamentos e prazos de entrega. Mas cita a quest&atilde;o da liminar concedida contra o decreto do PGMU.<\/p>\n<p>O decreto da troca de metas de universaliza&ccedil;&atilde;o foi publicado em abril de 2008 e, em novembro, a Justi&ccedil;a Federal de Bras&iacute;lia concedeu liminar &agrave; Pro Teste (Associa&ccedil;&atilde;o Brasileira de Defesa do Consumidor) suspendendo os efeitos da legisla&ccedil;&atilde;o. Na semana passada, no julgamento de recursos da Anatel e do Minist&eacute;rio das Comunica&ccedil;&otilde;es, via Advocacia Geral da Uni&atilde;o (AGU), dois desembargadores do Tribunal Regional Federal (TRF) mantiveram a liminar. O entendimento dos tr&ecirc;s &eacute; de que n&atilde;o est&aacute; clara a reversibilidade do backhaul para o governo no decreto.<\/p>\n","protected":false},"excerpt":{"rendered":"<p>A avalia&ccedil;&atilde;o do programa de implanta&ccedil;&atilde;o do backhaul pelas operadoras de telefonia fixa ser&aacute; tema de reuni&atilde;o amanh&atilde; (20) na Ag&ecirc;ncia Nacional de Telecomunica&ccedil;&otilde;es (Anatel), sem a presen&ccedil;a de outros setores do governo. Al&eacute;m da quest&atilde;o de descumprimento das metas, ser&aacute; tratada tamb&eacute;m a estrat&eacute;gia a ser adotada pela ag&ecirc;ncia para sustar a liminar que &hellip; <a href=\"https:\/\/obscom.intervozes.org.br\/?p=22402\" class=\"more-link\">Continue lendo <span class=\"screen-reader-text\">Nova reuni\u00e3o na Anatel avaliar\u00e1 implanta\u00e7\u00e3o do backhaul<\/span> <span class=\"meta-nav\">&rarr;<\/span><\/a><\/p>\n","protected":false},"author":1,"featured_media":0,"comment_status":"open","ping_status":"open","sticky":false,"template":"","format":"standard","meta":{"footnotes":""},"categories":[40],"tags":[920],"_links":{"self":[{"href":"https:\/\/obscom.intervozes.org.br\/index.php?rest_route=\/wp\/v2\/posts\/22402"}],"collection":[{"href":"https:\/\/obscom.intervozes.org.br\/index.php?rest_route=\/wp\/v2\/posts"}],"about":[{"href":"https:\/\/obscom.intervozes.org.br\/index.php?rest_route=\/wp\/v2\/types\/post"}],"author":[{"embeddable":true,"href":"https:\/\/obscom.intervozes.org.br\/index.php?rest_route=\/wp\/v2\/users\/1"}],"replies":[{"embeddable":true,"href":"https:\/\/obscom.intervozes.org.br\/index.php?rest_route=%2Fwp%2Fv2%2Fcomments&post=22402"}],"version-history":[{"count":0,"href":"https:\/\/obscom.intervozes.org.br\/index.php?rest_route=\/wp\/v2\/posts\/22402\/revisions"}],"wp:attachment":[{"href":"https:\/\/obscom.intervozes.org.br\/index.php?rest_route=%2Fwp%2Fv2%2Fmedia&parent=22402"}],"wp:term":[{"taxonomy":"category","embeddable":true,"href":"https:\/\/obscom.intervozes.org.br\/index.php?rest_route=%2Fwp%2Fv2%2Fcategories&post=22402"},{"taxonomy":"post_tag","embeddable":true,"href":"https:\/\/obscom.intervozes.org.br\/index.php?rest_route=%2Fwp%2Fv2%2Ftags&post=22402"}],"curies":[{"name":"wp","href":"https:\/\/api.w.org\/{rel}","templated":true}]}}