{"id":22396,"date":"2009-01-19T14:54:38","date_gmt":"2009-01-19T14:54:38","guid":{"rendered":"https:\/\/obscom.intervozes.org.br\/wordpress\/?p=22396"},"modified":"2009-01-19T14:54:38","modified_gmt":"2009-01-19T14:54:38","slug":"a-conferencia-de-direitos-humanos-e-o-direito-a-comunicacao","status":"publish","type":"post","link":"https:\/\/obscom.intervozes.org.br\/?p=22396","title":{"rendered":"A Confer\u00eancia de Direitos Humanos e o direito \u00e0 comunica\u00e7\u00e3o"},"content":{"rendered":"<p>   \t \t \t \t \t<!-- \t\t@page { margin: 2cm } \t\tP { margin-bottom: 0.21cm } \t--> \t  <\/p>\n<p style=\"margin-bottom: 0cm\" class=\"western padrao\">Realizada praticamente no apagar das luzes de 2008, entre 15 e 18 de dezembro, a XI Confer&ecirc;ncia Nacional dos Direitos Humanos reuniu, em Bras&iacute;lia(DF), mais de mil delegados(as) das 27 unidades da federa&ccedil;&atilde;o.<\/p>\n<p>Por lidarem com demandas transversais a v&aacute;rios setores, as confer&ecirc;ncias de direitos humanos s&atilde;o como v&aacute;rios eventos simult&acirc;neos em um &uacute;nico espa&ccedil;o.<\/p>\n<p>Nesta edi&ccedil;&atilde;o, a mais ampla e representativa ocorrida at&eacute; hoje, esteve presente a maioria das grandes organiza&ccedil;&otilde;es e movimentos sociais do pa&iacute;s que atuam com seus temas pr&oacute;prios e pautas espec&iacute;ficas, mas que tamb&eacute;m abra&ccedil;am a perspectiva dos direitos humanos.<\/p>\n<p>O movimento negro, em suas v&aacute;rias correntes e campos; as organiza&ccedil;&otilde;es ind&iacute;genas e indigenistas; o MST e outras entidades da Via Campesina e da luta pela reforma agr&aacute;ria; as organiza&ccedil;&otilde;es de defesa dos direitos das mulheres; os militantes LGBTT (l&eacute;sbicas, gays, bissexuais, transsexuais e transg&ecirc;neros), em grande n&uacute;mero e bastante ativos; entidades ligadas aos direitos de crian&ccedil;as e adolescentes, idosos, deficientes, migrantes e outros segmentos marginalizados; sindicatos de in&uacute;meras categorias; organiza&ccedil;&otilde;es que trabalham com monitoramento e elabora&ccedil;&atilde;o de pol&iacute;ticas p&uacute;blicas em diversas &aacute;reas, al&eacute;m de gestores(as) p&uacute;blicos e representantes do Executivo, Legislativo e Judici&aacute;rio, nos tr&ecirc;s n&iacute;veis da federa&ccedil;&atilde;o, bem como procuradores(as) e promotores(as) do Minist&eacute;rio P&uacute;blico, estudantes, pesquisadores, advogados etc.<\/p>\n<p>Todos estes atores sociais fizeram da confer&ecirc;ncia um riqu&iacute;ssimo f&oacute;rum de debates e formula&ccedil;&atilde;o de propostas. O resultado, al&eacute;m das mo&ccedil;&otilde;es com posicionamentos pol&iacute;ticos, foram centenas de diretrizes voltadas ao fortalecimento das a&ccedil;&otilde;es e institui&ccedil;&otilde;es de prote&ccedil;&atilde;o e promo&ccedil;&atilde;o dos direitos humanos em nosso pa&iacute;s.<\/p>\n<p>Dentre as v&aacute;rias quest&otilde;es debatidas, a comunica&ccedil;&atilde;o teve destaque e por v&aacute;rios motivos. Em primeiro lugar, o contexto onde se observa o interesse cada vez maior, por parte dos movimentos e entidades da sociedade civil, pelos temas ligados &agrave; luta pela democratiza&ccedil;&atilde;o da comunica&ccedil;&atilde;o. Isso se deve tanto &agrave; mudan&ccedil;a das concep&ccedil;&otilde;es pol&iacute;tico-te&oacute;ricas a respeito da comunica&ccedil;&atilde;o &ndash; passando de uma vis&atilde;o instrumental para a concep&ccedil;&atilde;o da comunica&ccedil;&atilde;o como direito humano fundamental para a efetiva&ccedil;&atilde;o dos demais direitos &ndash; quanto ao impacto das novas tecnologias da comunica&ccedil;&atilde;o e informa&ccedil;&atilde;o sobre a organiza&ccedil;&atilde;o e a a&ccedil;&atilde;o cotidiana destes movimentos e entidades. A isso soma-se a crescente visibilidade da mobiliza&ccedil;&atilde;o em prol da realiza&ccedil;&atilde;o da in&eacute;dita Confer&ecirc;ncia Nacional de Comunica&ccedil;&atilde;o.<\/p>\n<p>Os debates sobre os temas da comunica&ccedil;&atilde;o ocorreram em todos os espa&ccedil;os da confer&ecirc;ncia de direitos humanos. R&aacute;dios e TVs comunit&aacute;rias, liberdade na internet, inclus&atilde;o digital, monitoramento e preven&ccedil;&atilde;o de viola&ccedil;&otilde;es de direitos na m&iacute;dia, reestrutura&ccedil;&atilde;o e readequa&ccedil;&atilde;o do marco legal do setor, acessibilidade na m&iacute;dia e aos bens culturais, promo&ccedil;&atilde;o da educa&ccedil;&atilde;o para direitos humanos nos meios de comunica&ccedil;&atilde;o, entre muitos outros, geraram pol&ecirc;micas e fortes debates entre os(as) delegados(as).<\/p>\n<p>O apoio &agrave; Confer&ecirc;ncia Nacional de Comunica&ccedil;&atilde;o foi unanimidade em todos os grupos de trabalho onde o tema surgiu, bem como a necessidade de se refor&ccedil;ar os mecanismos e institui&ccedil;&otilde;es de controle p&uacute;blico e social da m&iacute;dia, na perspectiva da prote&ccedil;&atilde;o e da promo&ccedil;&atilde;o dos direitos humanos.<\/p>\n<p>Na plen&aacute;ria final, foram aprovadas resolu&ccedil;&otilde;es bastante consistentes em rela&ccedil;&atilde;o a estas e outras quest&otilde;es, comprovando que o debate de alto n&iacute;vel sobre a comunica&ccedil;&atilde;o n&atilde;o est&aacute; mais circunscrito aos especialistas e profissionais da &aacute;rea.<\/p>\n<p>Definitivamente, a comunica&ccedil;&atilde;o est&aacute; sendo (finalmente) reconhecida como direito da sociedade e obriga&ccedil;&atilde;o do Estado. Que venha a I Confer&ecirc;ncia Nacional de Comunica&ccedil;&atilde;o para consolidar e fazer avan&ccedil;ar, no dia-a-dia dos brasileiros e brasileiras, esta concep&ccedil;&atilde;o e a sua realiza&ccedil;&atilde;o efetiva.<\/p>\n<p><em>* Rog&eacute;rio Tomaz Jr. e Iano Fl&aacute;vio Maia s&atilde;o jornalistas e integrantes do Intervozes &ndash; Coletivo Brasil de Comunica&ccedil;&atilde;o Social, participantes da XI Confer&ecirc;ncia Nacional dos Direitos Humanos.<\/em><\/p>\n<p style=\"margin-bottom: 0cm\" class=\"western\"><span class=\"padrao\"><br \/><\/span> <\/p>\n","protected":false},"excerpt":{"rendered":"<p>Realizada praticamente no apagar das luzes de 2008, entre 15 e 18 de dezembro, a XI Confer&ecirc;ncia Nacional dos Direitos Humanos reuniu, em Bras&iacute;lia(DF), mais de mil delegados(as) das 27 unidades da federa&ccedil;&atilde;o. Por lidarem com demandas transversais a v&aacute;rios setores, as confer&ecirc;ncias de direitos humanos s&atilde;o como v&aacute;rios eventos simult&acirc;neos em um &uacute;nico espa&ccedil;o. &hellip; <a href=\"https:\/\/obscom.intervozes.org.br\/?p=22396\" class=\"more-link\">Continue lendo <span class=\"screen-reader-text\">A Confer\u00eancia de Direitos Humanos e o direito \u00e0 comunica\u00e7\u00e3o<\/span> <span class=\"meta-nav\">&rarr;<\/span><\/a><\/p>\n","protected":false},"author":1,"featured_media":0,"comment_status":"open","ping_status":"open","sticky":false,"template":"","format":"standard","meta":{"footnotes":""},"categories":[42],"tags":[363],"_links":{"self":[{"href":"https:\/\/obscom.intervozes.org.br\/index.php?rest_route=\/wp\/v2\/posts\/22396"}],"collection":[{"href":"https:\/\/obscom.intervozes.org.br\/index.php?rest_route=\/wp\/v2\/posts"}],"about":[{"href":"https:\/\/obscom.intervozes.org.br\/index.php?rest_route=\/wp\/v2\/types\/post"}],"author":[{"embeddable":true,"href":"https:\/\/obscom.intervozes.org.br\/index.php?rest_route=\/wp\/v2\/users\/1"}],"replies":[{"embeddable":true,"href":"https:\/\/obscom.intervozes.org.br\/index.php?rest_route=%2Fwp%2Fv2%2Fcomments&post=22396"}],"version-history":[{"count":0,"href":"https:\/\/obscom.intervozes.org.br\/index.php?rest_route=\/wp\/v2\/posts\/22396\/revisions"}],"wp:attachment":[{"href":"https:\/\/obscom.intervozes.org.br\/index.php?rest_route=%2Fwp%2Fv2%2Fmedia&parent=22396"}],"wp:term":[{"taxonomy":"category","embeddable":true,"href":"https:\/\/obscom.intervozes.org.br\/index.php?rest_route=%2Fwp%2Fv2%2Fcategories&post=22396"},{"taxonomy":"post_tag","embeddable":true,"href":"https:\/\/obscom.intervozes.org.br\/index.php?rest_route=%2Fwp%2Fv2%2Ftags&post=22396"}],"curies":[{"name":"wp","href":"https:\/\/api.w.org\/{rel}","templated":true}]}}